{"id":87894,"date":"2025-02-27T14:12:39","date_gmt":"2025-02-27T20:12:39","guid":{"rendered":"http:\/\/mickyandoniehn.com\/radio\/2025\/02\/27\/privados-de-libertad-reforestan-los-pinos\/"},"modified":"2025-02-27T14:12:39","modified_gmt":"2025-02-27T20:12:39","slug":"privados-de-libertad-reforestan-los-pinos","status":"publish","type":"post","link":"http:\/\/mickyandoniehn.com\/radio\/2025\/02\/27\/privados-de-libertad-reforestan-los-pinos\/","title":{"rendered":"Privados de libertad reforestan Los Pinos"},"content":{"rendered":"<\/p>\n<p><strong>Tegucigalpa. 27.2.2025.<\/strong> Un grupo de personas privadas de libertad del Centro Penitenciario Nacional de T\u00e1mara (CPNT), en la aldea de T\u00e1mara, Distrito Central, realizaron una nueva jornada de limpieza y reforestaci\u00f3n en la colonia Los Pinos, al oriente de Tegucigalpa.<\/p>\n<p>Bajo el lema \u201cLimpiando la Ciudad por Segundas Oportunidades\u201d y con el firme prop\u00f3sito de contribuir al medio ambiente y resarcir el da\u00f1o causado a la sociedad, los internos participaron activamente en la recuperaci\u00f3n de espacios p\u00fablicos, demostrando su compromiso con la rehabilitaci\u00f3n y su voluntad de reintegrarse positivamente a la sociedad hondure\u00f1a.<\/p>\n<p>Durante el trabajo comunitario, los participantes se encargaron de eliminar la basura de las calles, as\u00ed como de sembrar \u00e1rboles en zonas estrat\u00e9gicas, contribuyendo as\u00ed a embellecer y mejorar el ambiente urbano.<\/p>\n<div class=\"fs-dynamic\"><\/div>\n<p>Los internos que desarrollaron esta labor est\u00e1n pr\u00f3ximos a gozar del beneficio de preliberaci\u00f3n, ya que les favorece positivamente en su proceso de rehabilitaci\u00f3n.\u00a0<em><strong>(XM)<\/strong><\/em><\/p>\n<p>Fuente: La Tribuna.<\/p>\n","protected":false},"excerpt":{"rendered":"<p>Tegucigalpa. 27.2.2025. Un grupo de personas privadas de libertad del Centro Penitenciario Nacional de T\u00e1mara (CPNT), en la aldea de T\u00e1mara, Distrito Central, realizaron una nueva jornada de limpieza y reforestaci\u00f3n en la colonia Los Pinos, al oriente de Tegucigalpa. Bajo el lema \u201cLimpiando la Ciudad por Segundas Oportunidades\u201d y con el firme prop\u00f3sito de &hellip;<\/p>\n","protected":false},"author":0,"featured_media":0,"comment_status":"open","ping_status":"open","sticky":false,"template":"","format":"standard","meta":{"_jetpack_memberships_contains_paid_content":false,"footnotes":""},"categories":[5],"tags":[],"class_list":["post-87894","post","type-post","status-publish","format-standard","","category-noticias"],"jetpack_sharing_enabled":true,"jetpack_featured_media_url":"","_links":{"self":[{"href":"http:\/\/mickyandoniehn.com\/radio\/wp-json\/wp\/v2\/posts\/87894","targetHints":{"allow":["GET"]}}],"collection":[{"href":"http:\/\/mickyandoniehn.com\/radio\/wp-json\/wp\/v2\/posts"}],"about":[{"href":"http:\/\/mickyandoniehn.com\/radio\/wp-json\/wp\/v2\/types\/post"}],"replies":[{"embeddable":true,"href":"http:\/\/mickyandoniehn.com\/radio\/wp-json\/wp\/v2\/comments?post=87894"}],"version-history":[{"count":0,"href":"http:\/\/mickyandoniehn.com\/radio\/wp-json\/wp\/v2\/posts\/87894\/revisions"}],"wp:attachment":[{"href":"http:\/\/mickyandoniehn.com\/radio\/wp-json\/wp\/v2\/media?parent=87894"}],"wp:term":[{"taxonomy":"category","embeddable":true,"href":"http:\/\/mickyandoniehn.com\/radio\/wp-json\/wp\/v2\/categories?post=87894"},{"taxonomy":"post_tag","embeddable":true,"href":"http:\/\/mickyandoniehn.com\/radio\/wp-json\/wp\/v2\/tags?post=87894"}],"curies":[{"name":"wp","href":"https:\/\/api.w.org\/{rel}","templated":true}]}}