{"id":87893,"date":"2025-02-27T14:12:38","date_gmt":"2025-02-27T20:12:38","guid":{"rendered":"http:\/\/mickyandoniehn.com\/radio\/2025\/02\/27\/opc-se-normalizan-operaciones-en-terminal-de-contenedores\/"},"modified":"2025-02-27T14:12:38","modified_gmt":"2025-02-27T20:12:38","slug":"opc-se-normalizan-operaciones-en-terminal-de-contenedores","status":"publish","type":"post","link":"http:\/\/mickyandoniehn.com\/radio\/2025\/02\/27\/opc-se-normalizan-operaciones-en-terminal-de-contenedores\/","title":{"rendered":"OPC: Se normalizan operaciones en terminal de contenedores"},"content":{"rendered":"<\/p>\n<p>Tegucigalpa. 27.2.2025. Ejecutivos de la Operadora Portuaria Centroamericana, S.A. de C.V. (OPC) anunciaron ayer a navieras, agentes aduaneros y clientes la normalizaci\u00f3n de operaciones en terminal de contenedores.<\/p>\n<p>\u201cEsta ma\u00f1ana sostuvimos una reuni\u00f3n en conjunto con Aduanas de Honduras, la Empresa Nacional Portuaria (ENP) y los transportistas para conocer sus solicitudes y llegar a acuerdos que generaron la finalizaci\u00f3n de la medida de fuerza por parte del sector transporte\u201d se\u00f1al\u00f3 OPC.<\/p>\n<p>\u201cLuego de la finalizaci\u00f3n de la medida de fuerza implementada por los transportistas, nos encontramos en el proceso de normalizaci\u00f3n de las operaciones en nuestra terminal de contenedores. En este contexto, y para garantizar una pronta reactivaci\u00f3n y el flujo eficiente de la carga, solicitamos el apoyo y colaboraci\u00f3n de todos los actores de la cadena log\u00edstica\u201d agreg\u00f3.<\/p>\n<div class=\"fs-dynamic\"><\/div>\n<p>\u201cSiguiendo lo antes expuesto y con el objetivo de reiniciar nuestras operaciones hemos trabajado en un esquema de trabajo que nos permita la recepci\u00f3n de contenedores de exportaci\u00f3n y el despacho de contenedores de importaci\u00f3n en un orden de prioridades\u201d garantiz\u00f3.<\/p>\n<p>\u201cEl reinicio de operaciones est\u00e1 proyectado para las 13:00 hrs. y dado que actualmente se encuentran m\u00e1s de 1,500 TEUs represados, ser\u00e1 necesario manejar el flujo de carga de forma escalonada para asegurar una transici\u00f3n eficiente. En este sentido, estamos trabajando activamente para la pronta normalizaci\u00f3n de las operaciones\u201d ampli\u00f3.<\/p>\n<p>\u201cPor otro lado, si bien la l\u00ednea de atraque se ha visto afectada en menor medida, se manejar\u00e1 bajo un esquema de prioridad, la cual se operar\u00e1 en el siguiente orden: Atenci\u00f3n a los buques en ventana impactados por la medida de fuerza. Buques en ventana. Buques fuera de ventana en orden de llegada y buques en condici\u00f3n de extracall\u201d refiri\u00f3.<\/p>\n<p>Fuente: La Tribuna.<\/p>\n","protected":false},"excerpt":{"rendered":"<p>Tegucigalpa. 27.2.2025. Ejecutivos de la Operadora Portuaria Centroamericana, S.A. de C.V. (OPC) anunciaron ayer a navieras, agentes aduaneros y clientes la normalizaci\u00f3n de operaciones en terminal de contenedores. \u201cEsta ma\u00f1ana sostuvimos una reuni\u00f3n en conjunto con Aduanas de Honduras, la Empresa Nacional Portuaria (ENP) y los transportistas para conocer sus solicitudes y llegar a acuerdos &hellip;<\/p>\n","protected":false},"author":0,"featured_media":0,"comment_status":"open","ping_status":"open","sticky":false,"template":"","format":"standard","meta":{"_jetpack_memberships_contains_paid_content":false,"footnotes":""},"categories":[5],"tags":[],"class_list":["post-87893","post","type-post","status-publish","format-standard","","category-noticias"],"jetpack_sharing_enabled":true,"jetpack_featured_media_url":"","_links":{"self":[{"href":"http:\/\/mickyandoniehn.com\/radio\/wp-json\/wp\/v2\/posts\/87893","targetHints":{"allow":["GET"]}}],"collection":[{"href":"http:\/\/mickyandoniehn.com\/radio\/wp-json\/wp\/v2\/posts"}],"about":[{"href":"http:\/\/mickyandoniehn.com\/radio\/wp-json\/wp\/v2\/types\/post"}],"replies":[{"embeddable":true,"href":"http:\/\/mickyandoniehn.com\/radio\/wp-json\/wp\/v2\/comments?post=87893"}],"version-history":[{"count":0,"href":"http:\/\/mickyandoniehn.com\/radio\/wp-json\/wp\/v2\/posts\/87893\/revisions"}],"wp:attachment":[{"href":"http:\/\/mickyandoniehn.com\/radio\/wp-json\/wp\/v2\/media?parent=87893"}],"wp:term":[{"taxonomy":"category","embeddable":true,"href":"http:\/\/mickyandoniehn.com\/radio\/wp-json\/wp\/v2\/categories?post=87893"},{"taxonomy":"post_tag","embeddable":true,"href":"http:\/\/mickyandoniehn.com\/radio\/wp-json\/wp\/v2\/tags?post=87893"}],"curies":[{"name":"wp","href":"https:\/\/api.w.org\/{rel}","templated":true}]}}