{"id":85469,"date":"2025-01-27T10:12:43","date_gmt":"2025-01-27T16:12:43","guid":{"rendered":"http:\/\/mickyandoniehn.com\/radio\/2025\/01\/27\/celac-mantiene-reunion-extraordinaria-pese-a-resolucion-de-impase-entre-colombia-y-estados-unidos\/"},"modified":"2025-01-27T10:12:43","modified_gmt":"2025-01-27T16:12:43","slug":"celac-mantiene-reunion-extraordinaria-pese-a-resolucion-de-impase-entre-colombia-y-estados-unidos","status":"publish","type":"post","link":"http:\/\/mickyandoniehn.com\/radio\/2025\/01\/27\/celac-mantiene-reunion-extraordinaria-pese-a-resolucion-de-impase-entre-colombia-y-estados-unidos\/","title":{"rendered":"CELAC mantiene reuni\u00f3n extraordinaria pese a resoluci\u00f3n de impase entre Colombia y Estados Unidos"},"content":{"rendered":"<\/p>\n<p><strong>27.01.24<\/strong><\/p>\n<p>El vicecanciller hondure\u00f1o, Gerardo Torres, confirm\u00f3 este lunes que la reuni\u00f3n extraordinaria de la Comunidad de Estados Latinoamericanos y Caribe\u00f1os (CELAC), solicitada por Colombia, se llevar\u00e1 a cabo este jueves, a pesar de que el pa\u00eds sudamericano declar\u00f3 haber superado su reciente crisis diplom\u00e1tica con Estados Unidos.<\/p>\n<p>La reuni\u00f3n, convocada bajo la presidencia pro tempore de Honduras, tiene como objetivo discutir temas clave como migraci\u00f3n, cambio clim\u00e1tico y la promoci\u00f3n de una postura regional unificada frente a desaf\u00edos comunes. \u00abEs la tercera reuni\u00f3n extraordinaria bajo nuestra presidencia, mostrando el compromiso de Honduras con el di\u00e1logo regional\u00bb, destac\u00f3 Torres.<\/p>\n<p>El contexto del encuentro surge tras el \u00abimpase\u00bb diplom\u00e1tico entre Colombia y Estados Unidos, ocasionado por la decisi\u00f3n del presidente Gustavo Petro de prohibir el ingreso de aviones militares estadounidenses que transportaban deportados, argumentando que las personas no recib\u00edan un trato digno.<\/p>\n<p>Torres record\u00f3 que varios pa\u00edses, incluyendo Brasil y Colombia, han expresado su inconformidad con el mecanismo de deportaciones que utiliza aviones militares para trasladar a los migrantes, trat\u00e1ndolos como criminales de alta peligrosidad.<\/p>\n<p>Aunque Colombia declar\u00f3 haber resuelto el conflicto mediante reuniones bilaterales programadas con Estados Unidos, la CELAC considera la cita crucial para abordar de manera integral los desaf\u00edos migratorios y reforzar la cooperaci\u00f3n en la regi\u00f3n.<\/p>\n<p>Fuente: Diario Roat\u00e1n.<\/p>\n","protected":false},"excerpt":{"rendered":"<p>27.01.24 El vicecanciller hondure\u00f1o, Gerardo Torres, confirm\u00f3 este lunes que la reuni\u00f3n extraordinaria de la Comunidad de Estados Latinoamericanos y Caribe\u00f1os (CELAC), solicitada por Colombia, se llevar\u00e1 a cabo este jueves, a pesar de que el pa\u00eds sudamericano declar\u00f3 haber superado su reciente crisis diplom\u00e1tica con Estados Unidos. La reuni\u00f3n, convocada bajo la presidencia pro &hellip;<\/p>\n","protected":false},"author":0,"featured_media":0,"comment_status":"open","ping_status":"open","sticky":false,"template":"","format":"standard","meta":{"_jetpack_memberships_contains_paid_content":false,"footnotes":""},"categories":[5],"tags":[],"class_list":["post-85469","post","type-post","status-publish","format-standard","","category-noticias"],"jetpack_sharing_enabled":true,"jetpack_featured_media_url":"","_links":{"self":[{"href":"http:\/\/mickyandoniehn.com\/radio\/wp-json\/wp\/v2\/posts\/85469","targetHints":{"allow":["GET"]}}],"collection":[{"href":"http:\/\/mickyandoniehn.com\/radio\/wp-json\/wp\/v2\/posts"}],"about":[{"href":"http:\/\/mickyandoniehn.com\/radio\/wp-json\/wp\/v2\/types\/post"}],"replies":[{"embeddable":true,"href":"http:\/\/mickyandoniehn.com\/radio\/wp-json\/wp\/v2\/comments?post=85469"}],"version-history":[{"count":0,"href":"http:\/\/mickyandoniehn.com\/radio\/wp-json\/wp\/v2\/posts\/85469\/revisions"}],"wp:attachment":[{"href":"http:\/\/mickyandoniehn.com\/radio\/wp-json\/wp\/v2\/media?parent=85469"}],"wp:term":[{"taxonomy":"category","embeddable":true,"href":"http:\/\/mickyandoniehn.com\/radio\/wp-json\/wp\/v2\/categories?post=85469"},{"taxonomy":"post_tag","embeddable":true,"href":"http:\/\/mickyandoniehn.com\/radio\/wp-json\/wp\/v2\/tags?post=85469"}],"curies":[{"name":"wp","href":"https:\/\/api.w.org\/{rel}","templated":true}]}}