{"id":85468,"date":"2025-01-27T10:12:43","date_gmt":"2025-01-27T16:12:43","guid":{"rendered":"http:\/\/mickyandoniehn.com\/radio\/2025\/01\/27\/protestas-en-villanueva-por-mal-estado-de-carretera-afectan-a-100-mil-personas-segun-alcalde-contreras\/"},"modified":"2025-01-27T10:12:43","modified_gmt":"2025-01-27T16:12:43","slug":"protestas-en-villanueva-por-mal-estado-de-carretera-afectan-a-100-mil-personas-segun-alcalde-contreras","status":"publish","type":"post","link":"http:\/\/mickyandoniehn.com\/radio\/2025\/01\/27\/protestas-en-villanueva-por-mal-estado-de-carretera-afectan-a-100-mil-personas-segun-alcalde-contreras\/","title":{"rendered":"Protestas en Villanueva por mal estado de carretera afectan a 100 mil personas, seg\u00fan alcalde Contreras"},"content":{"rendered":"<\/p>\n<p><strong>27.01.25<\/strong><\/p>\n<p>Este lunes, pobladores de varias comunidades y transportistas bloquearon la carretera CA-5 a la altura del bulevar El Sur, en Villanueva, Cort\u00e9s, para exigir la reparaci\u00f3n urgente del tramo en mal estado. Seg\u00fan el alcalde Roberto Contreras, la situaci\u00f3n afecta a m\u00e1s de 100 mil personas diariamente y responsabiliz\u00f3 a la Secretar\u00eda de Infraestructura y Transporte (SIT) de la falta de acci\u00f3n.<\/p>\n<p>Contreras record\u00f3 que la SIT se hab\u00eda comprometido en el pasado a reparar un tramo de la carretera CA-4, pero no cumpli\u00f3 con los trabajos prometidos. \u201cLa protesta se realiza en la CA-5, pero el tramo a reparar corresponde a la CA-4, lo que es responsabilidad del Gobierno central a trav\u00e9s de la SIT\u201d, explic\u00f3.<\/p>\n<p>El deterioro del tramo, de 22 kil\u00f3metros, ha generado largas filas y tiempos de tr\u00e1nsito insoportables. \u201cLas personas invierten hasta tres horas en recorrer esa distancia. Algunos salen de San Pedro Sula a las cinco de la ma\u00f1ana y regresan despu\u00e9s de las ocho de la noche. Esto es insostenible\u201d, declar\u00f3 el edil.<\/p>\n<p>El malestar por las condiciones de la carretera y el tr\u00e1fico excesivo ha unido a las comunidades afectadas y a los transportistas en esta protesta, exigiendo soluciones inmediatas. La situaci\u00f3n pone de manifiesto la necesidad urgente de intervenci\u00f3n por parte de las autoridades competentes.<\/p>\n<p>Fuente: Diario Roat\u00e1n.<\/p>\n","protected":false},"excerpt":{"rendered":"<p>27.01.25 Este lunes, pobladores de varias comunidades y transportistas bloquearon la carretera CA-5 a la altura del bulevar El Sur, en Villanueva, Cort\u00e9s, para exigir la reparaci\u00f3n urgente del tramo en mal estado. Seg\u00fan el alcalde Roberto Contreras, la situaci\u00f3n afecta a m\u00e1s de 100 mil personas diariamente y responsabiliz\u00f3 a la Secretar\u00eda de Infraestructura &hellip;<\/p>\n","protected":false},"author":0,"featured_media":0,"comment_status":"open","ping_status":"open","sticky":false,"template":"","format":"standard","meta":{"_jetpack_memberships_contains_paid_content":false,"footnotes":""},"categories":[5],"tags":[],"class_list":["post-85468","post","type-post","status-publish","format-standard","","category-noticias"],"jetpack_sharing_enabled":true,"jetpack_featured_media_url":"","_links":{"self":[{"href":"http:\/\/mickyandoniehn.com\/radio\/wp-json\/wp\/v2\/posts\/85468","targetHints":{"allow":["GET"]}}],"collection":[{"href":"http:\/\/mickyandoniehn.com\/radio\/wp-json\/wp\/v2\/posts"}],"about":[{"href":"http:\/\/mickyandoniehn.com\/radio\/wp-json\/wp\/v2\/types\/post"}],"replies":[{"embeddable":true,"href":"http:\/\/mickyandoniehn.com\/radio\/wp-json\/wp\/v2\/comments?post=85468"}],"version-history":[{"count":0,"href":"http:\/\/mickyandoniehn.com\/radio\/wp-json\/wp\/v2\/posts\/85468\/revisions"}],"wp:attachment":[{"href":"http:\/\/mickyandoniehn.com\/radio\/wp-json\/wp\/v2\/media?parent=85468"}],"wp:term":[{"taxonomy":"category","embeddable":true,"href":"http:\/\/mickyandoniehn.com\/radio\/wp-json\/wp\/v2\/categories?post=85468"},{"taxonomy":"post_tag","embeddable":true,"href":"http:\/\/mickyandoniehn.com\/radio\/wp-json\/wp\/v2\/tags?post=85468"}],"curies":[{"name":"wp","href":"https:\/\/api.w.org\/{rel}","templated":true}]}}