{"id":85467,"date":"2025-01-27T10:12:42","date_gmt":"2025-01-27T16:12:42","guid":{"rendered":"http:\/\/mickyandoniehn.com\/radio\/2025\/01\/27\/audiencia-preliminar-para-generales-de-las-fuerzas-armadas-por-caso-isis-obed-murillo\/"},"modified":"2025-01-27T10:12:42","modified_gmt":"2025-01-27T16:12:42","slug":"audiencia-preliminar-para-generales-de-las-fuerzas-armadas-por-caso-isis-obed-murillo","status":"publish","type":"post","link":"http:\/\/mickyandoniehn.com\/radio\/2025\/01\/27\/audiencia-preliminar-para-generales-de-las-fuerzas-armadas-por-caso-isis-obed-murillo\/","title":{"rendered":"Audiencia preliminar para generales de las Fuerzas Armadas por caso Isis Obed Murillo"},"content":{"rendered":"<\/p>\n<p><strong>27.01.25<\/strong><\/p>\n<p>Este lunes 27 de enero se llevar\u00e1 a cabo la audiencia preliminar para los tres generales de las Fuerzas Armadas acusados de su presunta implicaci\u00f3n en la muerte del joven Isis Obed Murillo. La audiencia est\u00e1 programada para iniciar a las 11:30 de la ma\u00f1ana.<\/p>\n<p>Los imputados son el exjefe del Estado Mayor Conjunto, Romeo V\u00e1squez, el exsubjefe Venancio Cervantes y el excomandante del Comando de Operaciones Especiales, Carlos Roberto Puerto. Se les acusa de los delitos de homicidio y lesiones graves en perjuicio de Isis Obed Murillo y Alex Zavala.<\/p>\n<p>Actualmente, los tres generales est\u00e1n bajo la medida de arresto domiciliario. Seg\u00fan el requerimiento fiscal, los oficiales habr\u00edan permitido el uso excesivo de la fuerza en una protesta multitudinaria el 5 de julio de 2019 en el aeropuerto Toncont\u00edn de Tegucigalpa. Durante la manifestaci\u00f3n, disparos impactaron a Isis Obed Murillo, quien falleci\u00f3 en el lugar, convirti\u00e9ndose en un s\u00edmbolo de la resistencia.<\/p>\n<p>Este caso representa un hito en la b\u00fasqueda de justicia por hechos ocurridos en el contexto de manifestaciones p\u00fablicas y el uso desmedido de la fuerza.<\/p>\n<p>Fuente: Diario Roat\u00e1n.<\/p>\n","protected":false},"excerpt":{"rendered":"<p>27.01.25 Este lunes 27 de enero se llevar\u00e1 a cabo la audiencia preliminar para los tres generales de las Fuerzas Armadas acusados de su presunta implicaci\u00f3n en la muerte del joven Isis Obed Murillo. La audiencia est\u00e1 programada para iniciar a las 11:30 de la ma\u00f1ana. Los imputados son el exjefe del Estado Mayor Conjunto, &hellip;<\/p>\n","protected":false},"author":0,"featured_media":0,"comment_status":"open","ping_status":"open","sticky":false,"template":"","format":"standard","meta":{"_jetpack_memberships_contains_paid_content":false,"footnotes":""},"categories":[5],"tags":[],"class_list":["post-85467","post","type-post","status-publish","format-standard","","category-noticias"],"jetpack_sharing_enabled":true,"jetpack_featured_media_url":"","_links":{"self":[{"href":"http:\/\/mickyandoniehn.com\/radio\/wp-json\/wp\/v2\/posts\/85467","targetHints":{"allow":["GET"]}}],"collection":[{"href":"http:\/\/mickyandoniehn.com\/radio\/wp-json\/wp\/v2\/posts"}],"about":[{"href":"http:\/\/mickyandoniehn.com\/radio\/wp-json\/wp\/v2\/types\/post"}],"replies":[{"embeddable":true,"href":"http:\/\/mickyandoniehn.com\/radio\/wp-json\/wp\/v2\/comments?post=85467"}],"version-history":[{"count":0,"href":"http:\/\/mickyandoniehn.com\/radio\/wp-json\/wp\/v2\/posts\/85467\/revisions"}],"wp:attachment":[{"href":"http:\/\/mickyandoniehn.com\/radio\/wp-json\/wp\/v2\/media?parent=85467"}],"wp:term":[{"taxonomy":"category","embeddable":true,"href":"http:\/\/mickyandoniehn.com\/radio\/wp-json\/wp\/v2\/categories?post=85467"},{"taxonomy":"post_tag","embeddable":true,"href":"http:\/\/mickyandoniehn.com\/radio\/wp-json\/wp\/v2\/tags?post=85467"}],"curies":[{"name":"wp","href":"https:\/\/api.w.org\/{rel}","templated":true}]}}