{"id":78561,"date":"2026-09-04T06:10:37","date_gmt":"2026-09-04T12:10:37","guid":{"rendered":"http:\/\/mickyandoniehn.com\/radio\/?p=78561"},"modified":"2025-09-16T18:02:56","modified_gmt":"2025-09-17T00:02:56","slug":"un-dia-como-hoy-en-la-historia-04-de-septiembre-1965-los-beatles-comenzaron-una-racha-de-tres-semanas-en-el-numero-1-de-la-lista-de-sencillos-de-estados-unidos-con-help-el-titulo-de-su-segunda","status":"publish","type":"post","link":"http:\/\/mickyandoniehn.com\/radio\/2026\/09\/04\/un-dia-como-hoy-en-la-historia-04-de-septiembre-1965-los-beatles-comenzaron-una-racha-de-tres-semanas-en-el-numero-1-de-la-lista-de-sencillos-de-estados-unidos-con-help-el-titulo-de-su-segunda\/","title":{"rendered":"UN DIA COMO HOY EN LA HISTORIA DE LA MUSICA. 04 de septiembre 1965: Los Beatles comenzaron una racha de tres semanas en el n\u00famero 1 de la lista de sencillos de Estados Unidos con &#8220;Help&#8221;, el t\u00edtulo de su segunda pel\u00edcula y el noveno n\u00famero 1 del grupo en Estados Unidos."},"content":{"rendered":"<p><img loading=\"lazy\" decoding=\"async\" class=\"aligncenter wp-image-78547 size-full\" src=\"http:\/\/mickyandoniehn.com\/radio\/wp-content\/uploads\/2024\/09\/Los-Beatles-comenzaron-una-racha-de-tres-semanas-en-el-numero-1-de-la-lista-de-sencillos-de-Estados-Unidos.png\" alt=\"\" width=\"609\" height=\"840\" srcset=\"http:\/\/mickyandoniehn.com\/radio\/wp-content\/uploads\/2024\/09\/Los-Beatles-comenzaron-una-racha-de-tres-semanas-en-el-numero-1-de-la-lista-de-sencillos-de-Estados-Unidos.png 609w, http:\/\/mickyandoniehn.com\/radio\/wp-content\/uploads\/2024\/09\/Los-Beatles-comenzaron-una-racha-de-tres-semanas-en-el-numero-1-de-la-lista-de-sencillos-de-Estados-Unidos-218x300.png 218w\" sizes=\"auto, (max-width: 609px) 100vw, 609px\" \/><\/p>\n","protected":false},"excerpt":{"rendered":"","protected":false},"author":1,"featured_media":78552,"comment_status":"open","ping_status":"open","sticky":false,"template":"","format":"standard","meta":{"_jetpack_memberships_contains_paid_content":false,"footnotes":""},"categories":[18],"tags":[],"class_list":["post-78561","post","type-post","status-publish","format-standard","has-post-thumbnail","","category-un-dia-como-hoy-en-la-historia-de-la-musica"],"jetpack_sharing_enabled":true,"jetpack_featured_media_url":"http:\/\/mickyandoniehn.com\/radio\/wp-content\/uploads\/2024\/09\/2.png","_links":{"self":[{"href":"http:\/\/mickyandoniehn.com\/radio\/wp-json\/wp\/v2\/posts\/78561","targetHints":{"allow":["GET"]}}],"collection":[{"href":"http:\/\/mickyandoniehn.com\/radio\/wp-json\/wp\/v2\/posts"}],"about":[{"href":"http:\/\/mickyandoniehn.com\/radio\/wp-json\/wp\/v2\/types\/post"}],"author":[{"embeddable":true,"href":"http:\/\/mickyandoniehn.com\/radio\/wp-json\/wp\/v2\/users\/1"}],"replies":[{"embeddable":true,"href":"http:\/\/mickyandoniehn.com\/radio\/wp-json\/wp\/v2\/comments?post=78561"}],"version-history":[{"count":2,"href":"http:\/\/mickyandoniehn.com\/radio\/wp-json\/wp\/v2\/posts\/78561\/revisions"}],"predecessor-version":[{"id":78962,"href":"http:\/\/mickyandoniehn.com\/radio\/wp-json\/wp\/v2\/posts\/78561\/revisions\/78962"}],"wp:featuredmedia":[{"embeddable":true,"href":"http:\/\/mickyandoniehn.com\/radio\/wp-json\/wp\/v2\/media\/78552"}],"wp:attachment":[{"href":"http:\/\/mickyandoniehn.com\/radio\/wp-json\/wp\/v2\/media?parent=78561"}],"wp:term":[{"taxonomy":"category","embeddable":true,"href":"http:\/\/mickyandoniehn.com\/radio\/wp-json\/wp\/v2\/categories?post=78561"},{"taxonomy":"post_tag","embeddable":true,"href":"http:\/\/mickyandoniehn.com\/radio\/wp-json\/wp\/v2\/tags?post=78561"}],"curies":[{"name":"wp","href":"https:\/\/api.w.org\/{rel}","templated":true}]}}