{"id":78544,"date":"2026-09-04T06:00:13","date_gmt":"2026-09-04T12:00:13","guid":{"rendered":"http:\/\/mickyandoniehn.com\/radio\/?p=78544"},"modified":"2025-09-16T18:02:44","modified_gmt":"2025-09-17T00:02:44","slug":"un-dia-como-hoy-en-la-historia-04-de-septiembre-1981-feliz-cumpleanos-beyonce-beyonce-nacio-hoy-en-1981-por-lo-que-hoy-tiene-39-anos","status":"publish","type":"post","link":"http:\/\/mickyandoniehn.com\/radio\/2026\/09\/04\/un-dia-como-hoy-en-la-historia-04-de-septiembre-1981-feliz-cumpleanos-beyonce-beyonce-nacio-hoy-en-1981-por-lo-que-hoy-tiene-39-anos\/","title":{"rendered":"UN DIA COMO HOY EN LA HISTORIA. 04 de septiembre 1981: feliz cumplea\u00f1os, Beyonc\u00e9. Beyonc\u00e9 naci\u00f3 hoy en 1981, por lo que hoy tiene 39 a\u00f1os."},"content":{"rendered":"<p><img loading=\"lazy\" decoding=\"async\" class=\"aligncenter wp-image-78545 size-full\" src=\"http:\/\/mickyandoniehn.com\/radio\/wp-content\/uploads\/2024\/09\/Beyonce-nacio-hoy-en-1981-por-lo-que-hoy-tiene-39-anos.-.png\" alt=\"\" width=\"675\" height=\"624\" srcset=\"http:\/\/mickyandoniehn.com\/radio\/wp-content\/uploads\/2024\/09\/Beyonce-nacio-hoy-en-1981-por-lo-que-hoy-tiene-39-anos.-.png 675w, http:\/\/mickyandoniehn.com\/radio\/wp-content\/uploads\/2024\/09\/Beyonce-nacio-hoy-en-1981-por-lo-que-hoy-tiene-39-anos.--300x277.png 300w\" sizes=\"auto, (max-width: 675px) 100vw, 675px\" \/><\/p>\n","protected":false},"excerpt":{"rendered":"","protected":false},"author":1,"featured_media":78551,"comment_status":"open","ping_status":"open","sticky":false,"template":"","format":"standard","meta":{"_jetpack_memberships_contains_paid_content":false,"footnotes":""},"categories":[18],"tags":[],"class_list":["post-78544","post","type-post","status-publish","format-standard","has-post-thumbnail","","category-un-dia-como-hoy-en-la-historia-de-la-musica"],"jetpack_sharing_enabled":true,"jetpack_featured_media_url":"http:\/\/mickyandoniehn.com\/radio\/wp-content\/uploads\/2024\/09\/1.png","_links":{"self":[{"href":"http:\/\/mickyandoniehn.com\/radio\/wp-json\/wp\/v2\/posts\/78544","targetHints":{"allow":["GET"]}}],"collection":[{"href":"http:\/\/mickyandoniehn.com\/radio\/wp-json\/wp\/v2\/posts"}],"about":[{"href":"http:\/\/mickyandoniehn.com\/radio\/wp-json\/wp\/v2\/types\/post"}],"author":[{"embeddable":true,"href":"http:\/\/mickyandoniehn.com\/radio\/wp-json\/wp\/v2\/users\/1"}],"replies":[{"embeddable":true,"href":"http:\/\/mickyandoniehn.com\/radio\/wp-json\/wp\/v2\/comments?post=78544"}],"version-history":[{"count":1,"href":"http:\/\/mickyandoniehn.com\/radio\/wp-json\/wp\/v2\/posts\/78544\/revisions"}],"predecessor-version":[{"id":78558,"href":"http:\/\/mickyandoniehn.com\/radio\/wp-json\/wp\/v2\/posts\/78544\/revisions\/78558"}],"wp:featuredmedia":[{"embeddable":true,"href":"http:\/\/mickyandoniehn.com\/radio\/wp-json\/wp\/v2\/media\/78551"}],"wp:attachment":[{"href":"http:\/\/mickyandoniehn.com\/radio\/wp-json\/wp\/v2\/media?parent=78544"}],"wp:term":[{"taxonomy":"category","embeddable":true,"href":"http:\/\/mickyandoniehn.com\/radio\/wp-json\/wp\/v2\/categories?post=78544"},{"taxonomy":"post_tag","embeddable":true,"href":"http:\/\/mickyandoniehn.com\/radio\/wp-json\/wp\/v2\/tags?post=78544"}],"curies":[{"name":"wp","href":"https:\/\/api.w.org\/{rel}","templated":true}]}}