{"id":71196,"date":"2026-04-29T08:10:53","date_gmt":"2026-04-29T14:10:53","guid":{"rendered":"https:\/\/mickyandoniehn.com\/radio\/?p=71196"},"modified":"2025-06-19T14:40:15","modified_gmt":"2025-06-19T20:40:15","slug":"29-de-abril-de-1977-the-jam-grupo-de-rock-new-wave-y-punk-rock-publico-su-primer-sencillo-in-the-city-que-alcanzo-el-puesto-40-en-las-uk-charts-singles","status":"publish","type":"post","link":"http:\/\/mickyandoniehn.com\/radio\/2026\/04\/29\/29-de-abril-de-1977-the-jam-grupo-de-rock-new-wave-y-punk-rock-publico-su-primer-sencillo-in-the-city-que-alcanzo-el-puesto-40-en-las-uk-charts-singles\/","title":{"rendered":"29 de abril de 1977:  The Jam (grupo de Rock, New Wave y Punk \/ Rock) public\u00f3 su primer sencillo \u201cIn The City\u201d que alcanz\u00f3 el puesto # 40, en las UK Charts singles."},"content":{"rendered":"<p>UN DIA COMO HOY EN LA HISTORIA.<\/p>\n<p>29 de abril de 1977:<\/p>\n<p>The Jam (grupo de Rock, New Wave y Punk \/ Rock) public\u00f3 su primer sencillo \u201cIn The City\u201d que alcanz\u00f3 el puesto # 40, en las UK Charts singles. Surgi\u00f3 en Woking, Surrey, y fue liderada por Paul Weller\u2026 logr\u00f3 otros 18 \u00e9xitos Top 40, incluidos cuatro \u00e9xitos # 1, en el Reino Unido.<\/p>\n<p>A DAY LIKE TODAY IN HISTORY.<\/p>\n<p>April 29, 1977:<\/p>\n<p>The Jam (Rock, New Wave and Punk\/Rock group) released their first single \u201cIn the City\u201d which peaked at #40 on the UK Singles Charts. It emerged in Woking, Surrey, and was fronted by Paul Weller &#8230;it achieved a further 18 Top 40 hits, including four #1 hits, in the UK<\/p>\n<p>Fuente: radio.pontik.com\/hoy-en-la-musica<\/p>\n","protected":false},"excerpt":{"rendered":"<p>UN DIA COMO HOY EN LA HISTORIA. 29 de abril de 1977: The Jam (grupo de Rock, New Wave y Punk \/ Rock) public\u00f3 su primer sencillo \u201cIn The City\u201d que alcanz\u00f3 el puesto # 40, en las UK Charts singles. Surgi\u00f3 en Woking, Surrey, y fue liderada por Paul Weller\u2026 logr\u00f3 otros 18 \u00e9xitos &hellip;<\/p>\n","protected":false},"author":1,"featured_media":71198,"comment_status":"open","ping_status":"open","sticky":false,"template":"","format":"standard","meta":{"_jetpack_memberships_contains_paid_content":false,"footnotes":""},"categories":[18],"tags":[],"class_list":["post-71196","post","type-post","status-publish","format-standard","has-post-thumbnail","","category-un-dia-como-hoy-en-la-historia-de-la-musica"],"jetpack_sharing_enabled":true,"jetpack_featured_media_url":"http:\/\/mickyandoniehn.com\/radio\/wp-content\/uploads\/2024\/04\/in-the-city.jpg","_links":{"self":[{"href":"http:\/\/mickyandoniehn.com\/radio\/wp-json\/wp\/v2\/posts\/71196","targetHints":{"allow":["GET"]}}],"collection":[{"href":"http:\/\/mickyandoniehn.com\/radio\/wp-json\/wp\/v2\/posts"}],"about":[{"href":"http:\/\/mickyandoniehn.com\/radio\/wp-json\/wp\/v2\/types\/post"}],"author":[{"embeddable":true,"href":"http:\/\/mickyandoniehn.com\/radio\/wp-json\/wp\/v2\/users\/1"}],"replies":[{"embeddable":true,"href":"http:\/\/mickyandoniehn.com\/radio\/wp-json\/wp\/v2\/comments?post=71196"}],"version-history":[{"count":1,"href":"http:\/\/mickyandoniehn.com\/radio\/wp-json\/wp\/v2\/posts\/71196\/revisions"}],"predecessor-version":[{"id":71199,"href":"http:\/\/mickyandoniehn.com\/radio\/wp-json\/wp\/v2\/posts\/71196\/revisions\/71199"}],"wp:featuredmedia":[{"embeddable":true,"href":"http:\/\/mickyandoniehn.com\/radio\/wp-json\/wp\/v2\/media\/71198"}],"wp:attachment":[{"href":"http:\/\/mickyandoniehn.com\/radio\/wp-json\/wp\/v2\/media?parent=71196"}],"wp:term":[{"taxonomy":"category","embeddable":true,"href":"http:\/\/mickyandoniehn.com\/radio\/wp-json\/wp\/v2\/categories?post=71196"},{"taxonomy":"post_tag","embeddable":true,"href":"http:\/\/mickyandoniehn.com\/radio\/wp-json\/wp\/v2\/tags?post=71196"}],"curies":[{"name":"wp","href":"https:\/\/api.w.org\/{rel}","templated":true}]}}