{"id":705,"date":"2021-10-09T09:29:18","date_gmt":"2021-10-09T15:29:18","guid":{"rendered":"http:\/\/mickyandoniehn.com\/radio\/2021\/10\/09\/caida-de-redes-afecta-a-8-5-millones-de-cuentas-en-honduras\/"},"modified":"2021-10-09T09:29:18","modified_gmt":"2021-10-09T15:29:18","slug":"caida-de-redes-afecta-a-8-5-millones-de-cuentas-en-honduras","status":"publish","type":"post","link":"http:\/\/mickyandoniehn.com\/radio\/2021\/10\/09\/caida-de-redes-afecta-a-8-5-millones-de-cuentas-en-honduras\/","title":{"rendered":"Ca\u00edda de redes afecta a 8.5 millones de cuentas en Honduras"},"content":{"rendered":"<p><strong>Tegucigalpa,Honduras s\u00e1bado 09 octubre 2021<\/strong><\/p>\n\n<p>En Honduras cerca de 8.5 millones de cuentas en redes sociales fueron afectadas con la\u00a0<a href=\"https:\/\/proceso.hn\/facebook-instagram-y-whatsapp-registran-caidas-a-nivel-mundial\/\">ca\u00edda de las m\u00e1s populares redes sociales<\/a>\u00a0ocurrida este lunes adelant\u00f3 en su reporte\u00a0Honduras Verifica\u00a0(<a href=\"http:\/\/www.verificahn.com\/\">www.verificahn.com<\/a>), al referirse al desplome por m\u00e1s de seis horas en Facebook, WhatsApp, Instagram y Messenger a nivel global.<\/p>\n<p>Hasta el 21 de enero de este 2021, en Honduras se registran 4.4 millones de cuentas de Facebook activadas, seg\u00fan Data Reportal de Hootsuit en un reporte al que tuvieron acceso Honduras Verifica y que comparti\u00f3 con\u00a0<strong>Proceso Digital<\/strong>. Adem\u00e1s, se estim\u00f3 que hay 1.3 millones de cuentas de Instagram activas y 2.8 millones de Facebook Messenger. En total 8.5 millones de cuentas fueron afectadas por la ca\u00edda de las redes sociales.<\/p>\n<p>El experto Mario Cerna, investigador de Honduras Verifica, analiz\u00f3 que se trata de cuentas y no de personas porque siempre existe la posibilidad de que alguien tenga m\u00e1s de una cuenta.<\/p>\n<p>En el caso de WhatsApp las investigaciones no son exactas.\u00a0Honduras Verifica recoge datos que evidencian que en el pa\u00eds hab\u00eda hasta enero de 2021, cerca de 7.1 millones de tel\u00e9fonos m\u00f3viles, pero no se puede afirmar que todos usan esta herramienta de mensajer\u00eda, ya que son 2.8 millones de hondure\u00f1os los que se conectan a trav\u00e9s de Facebook Messenger y otra cantidad se distribuye entre usuarios de Telegram, Signal y el popular WhatsApp, detall\u00f3 Cerna en conversaci\u00f3n con\u00a0<strong>Proceso Digital<\/strong>.<\/p>\n<h2><strong>Coincidencia<\/strong><\/h2>\n<p><em>Hasta el 21 de enero de este 2021, en Honduras se registran 4.4 millones de cuentas de Facebook activadas<\/em>.<\/p>\n<p>Todo ocurre en medio de una crisis en Facebook, tras\u00a0<a href=\"https:\/\/proceso.hn\/el-ultimo-escandalo-de-facebook-legal-pero-moralmente-reprochable\/\">la filtraci\u00f3n de informaciones<\/a>\u00a0y denuncias que develan partes opacas en el manejo del gigante global.<\/p>\n<p>Pero\u00a0un elemento a ponderar es que este \u201cd\u00eda de nevada\u201d en el que se paralizaron estas redes sociales, coincide con los informes que han sido filtrado en los que se\u00f1alan que Facebook gana mucho dinero permitiendo que los mensajes de odio, discriminaci\u00f3n, desinformaci\u00f3n y de incitaci\u00f3n a la violencia se propaguen de manera f\u00e1cil y r\u00e1pida.<\/p>\n<p>Este tipo de mensajes promueve una mayor estad\u00eda\/permanencia de los usuarios en la plataforma y de acuerdo con las denuncias, poco o nada hace la red social para frenar estos mensajes que ya han cobrado muchas vidas en varios pa\u00edses como los movimientos antivacunas (contra la COVID-19) que han encontrado espacios para difundir ampliamente sus mensajes.<\/p>\n<p>Pero este mismo lunes, Facebook conoci\u00f3 que hasta mil 500 millones de datos de sus usuarios fueron puestos a la venta en una red de hackers, asestando un golpe a su seguridad cibern\u00e9tica.<\/p>\n<p>Los datos fueron extra\u00eddos por la llamada t\u00e9cnica de \u201craspado\u201d o \u201cbarrido\u201d digital.<\/p>\n<p>Son tres golpes que recibi\u00f3 en un solo d\u00eda la empresa de Zuckerberg y que pondr\u00e1n a prueba a su equipo de direcci\u00f3n, pero que tambi\u00e9n impactan al resto de las tecnol\u00f3gicas sometidas a presi\u00f3n pol\u00edtica por Washington, temeroso del poder que han acumulado en la \u00faltima d\u00e9cada.<\/p>\n<p>La acci\u00f3n se hizo sentir en Wall Street que report\u00f3 una baja en el \u00edndice de Dow Jones de 0.9 % y en la baja de 4.89 % en la cotizaci\u00f3n de Facebook. Su fundador Mark Zuckerberg vio reducida su fortuna en cinco mil 900 millones de d\u00f3lares.<\/p>\n<h2><strong>Migrantes y sus redes<\/strong><\/h2>\n<p><em>Honduras, un pa\u00eds con una migraci\u00f3n activa que mantiene extra-fronteras a por lo menos un mill\u00f3n y medio de catrachos, es justamente las redes sociales el v\u00ednculo que les une de forma constante.<\/em><\/p>\n<p>Pero cuando Facebook anunci\u00f3 que\u00a0se complac\u00eda en informar que estaba volviendo a estar en l\u00ednea, eso represent\u00f3 una bocanada de aire fresco para millones de usuarios en el mundo y particularmente en Honduras, porque es la red social m\u00e1s popular, en un pa\u00eds con una migraci\u00f3n activa que mantiene extra-fronteras a por lo menos un mill\u00f3n y medio de catrachos, es justamente esta red el v\u00ednculo que les une de forma constante.<\/p>\n<p>As\u00ed dijo Yamileth Car\u00edas, una empleada del sector de las telecomunicaciones, que tiene a cinco hermanas radicadas en Miami, Florida y que se comunica con ellas a diario v\u00eda WhatsApp y que extiende esas l\u00edneas de relaci\u00f3n en su cuenta de Facebook. Coment\u00f3 que justo este lunes lleg\u00f3 al pa\u00eds un sobrino al que deb\u00eda recoger en la terminal aeroportuaria pero la suspensi\u00f3n del WhatsApp dificult\u00f3 el reencuentro.<\/p>\n<p>En Honduras por lo menos 4.4 millones de usuarios tienen una cuenta en Facebook mientras que en Instagram los usuarios superan el mill\u00f3n 300 mil, de acuerdo al Digital Report a enero de este 2021.<\/p>\n<h2><strong>Afect\u00f3 los saludos de los jubilados<\/strong><\/h2>\n<p><em>Para la doctora Ivin Perdomo, el WhatsApp es una herramienta que usa de forma permanente para comunicarse con sus tres hijos que viven en otras ciudades e incluso en otros pa\u00edses. <\/em><\/p>\n<p>La odont\u00f3loga Miriam Bueso dice que a ella y a su esposo, tambi\u00e9n odont\u00f3logo y ambos jubilados, dice que la ca\u00edda de las populares redes les afect\u00f3 en relaci\u00f3n con la costumbre de saludar e intercambiar opiniones y conversaciones con sus amistades pero que en general no vari\u00f3 sustancialmente su rutina.<\/p>\n<p>Similar opini\u00f3n expres\u00f3 el angi\u00f3logo Dar\u00edo Hipp, mientras que el ingeniero Elmer Perdomo, dijo que no extra\u00f1\u00f3 las redes ya que su d\u00eda gir\u00f3 en actividades que no le permit\u00edan estar conectado a las mismas, como lo hace en sus momentos de esparcimiento. Tanto el doctor Hipp como Elmer Perdomo gozan de su retiro laboral y ambos dijeron que las redes les sirven para mantenerse en contacto con amigos, familia y rememorar pasajes de vida.<\/p>\n<p>En tanto Carlos Lanza, un trabajador industrial calificado que tiene su empresa en la norte\u00f1a San Pedro Sula dijo que la ca\u00edda de redes sociales tan usables en su entorno, s\u00ed le afectaron laboralmente porque le sirven para intercambiar informaci\u00f3n calificada y tomar el pulso a su rubro. Igualmente expuso que, en el plano personal, aunque las usa, -, \u201cnadie se muere por no tenerlas, eso es mentira\u201d refrend\u00f3.<\/p>\n<p>Para la doctora Ivin Perdomo, el WhatsApp es una herramienta que usa de forma permanente para comunicarse con sus tres hijos que viven en otras ciudades e incluso en otros pa\u00edses. En su entorno laboral en el que atiende diariamente a decenas de pacientes, la relaci\u00f3n es directa y presencial.<\/p>\n<h2><strong>J\u00f3venes, los multiplataformas<\/strong><\/h2>\n<p>Pero los j\u00f3venes profesionales hondure\u00f1os consultados por\u00a0<strong>Proceso Digital<\/strong>, no se sintieron afectados por la interrupci\u00f3n de servicios ya que en su mapa mental f\u00e1cilmente trasladaron sus comunicaciones al correo electr\u00f3nico, Telegram, Teams, entre otros.<\/p>\n<p>Ellos dijeron coordinar sus trabajos por m\u00faltiples plataformas, aunque en algunos casos, admitieron que sus padres y personas mayores en su entorno, son quienes se comunican con ellos a trav\u00e9s de las afectadas con la ca\u00edda.<\/p>\n<h2><strong>Emprendedores<\/strong><\/h2>\n<div class=\"wp-block-image is-style-default\">\n<em>Para vendedores de comida en sus peque\u00f1os emprendimientos, los repartidores de paquetes y encomiendas, este lunes represent\u00f3 una negra jornada para sus econom\u00edas.<\/em>\n<\/div>\n<p>Los emprendedores y trabajadores hondure\u00f1os que, especialmente durante la pandemia han creado espacios de comunicaci\u00f3n para promocionar y vender sus productos, recibir pedidos y programar entregas, dijeron haber sido directamente afectados con la ca\u00edda de las m\u00e1s populares redes sociales.<\/p>\n<p>Vendedores de comida en sus peque\u00f1os emprendimientos, los repartidores de paquetes y encomiendas, los que venden ropa, zapatos y productos de higiene entre una variedad de ofertas, dijeron a\u00a0<strong>Proceso Digital<\/strong>\u00a0que este lunes represent\u00f3 una negra jornada para sus econom\u00edas.<\/p>\n<p>Pr\u00e1cticamente, dijo Johana Z\u00faniga, se bloquearon los pedidos de almuerzos que su clientela les hace en el sector de la colonia Kennedy, donde opera su peque\u00f1o negocio en el que genera tres empleos.<\/p>\n<h2><strong>Pol\u00edticos silenciados<\/strong><\/h2>\n<div class=\"wp-block-image is-style-default\">\n<em>Uno de los primeros en aparecer fue Salvador Nasralla, que poste\u00f3 informaci\u00f3n sobre su programa X \u2013 0 da Dinero, as\u00ed como de su agenda pol\u00edtica.<\/em>\n<\/div>\n<p>Las redes sociales se han convertido en las plataformas donde la clase pol\u00edtica hondure\u00f1a concentra su informaci\u00f3n, pero este d\u00eda Instagram, Facebook, Messenger y WhatsApp estuvieron fuera de servicio por m\u00e1s de siete horas debido a fallas\u00a0 (DNS) registrada a nivel mundial.<\/p>\n<p>Se vieron afectados los medios de comunicaci\u00f3n, funcionarios p\u00fablicos, instituciones estatales y privadas, organismos de sociedad civil, as\u00ed como\u00a0 de la clase pol\u00edtica, que usan las redes sociales para informar de sus actividades, adem\u00e1s se hacen denuncias y convocatorias.<\/p>\n<p>De esta manera, la \u00fanica red social que funcion\u00f3 correctamente fue Twitter, entonces se convirti\u00f3 en la plataforma m\u00e1s usada por los usuarios para saber qu\u00e9 es lo que estaba pasando alrededor del mundo con respecto a Facebook, Messenger, Instagram y WhatsApp.<\/p>\n<p>En el periodo en que las redes sociales hubo como silencio al tema pol\u00edtico en Honduras, que se encuentra a 54 d\u00edas de celebrar sus elecciones generales, y que las plataformas sociales son ahora la nueva modalidad para promocionarse.<\/p>\n<p>Uno de los primeros en aparecer fue el candidato presidencial por el Partido Salvador de Honduras (PSH) Salvador Nasralla, que incluso posteo informaci\u00f3n en Facebook e Instagram que ten\u00eda pendiente difundir sobre su programa X \u2013 0 da Dinero, as\u00ed como de su agenda pol\u00edtica.<\/p>\n<p>Fue hasta la noche de este lunes que la candidata de Libertad y Refundaci\u00f3n (Libre), Xiomara Castro de Zelaya, <a href=\"https:\/\/proceso.hn\/por-incapacidad-medica-candidata-de-libre-cancela-actividades-politicas-una-semana\/\"><strong>apareci\u00f3 para publicar en redes sociales<\/strong> <\/a>que por recomendaci\u00f3n m\u00e9dica deb\u00eda suspender sus actividades pol\u00edticas por un periodo de una semana.<\/p>\n<p>En las redes sociales de los dem\u00e1s candidatos como Nasry Asfura del Partido Nacional, Yani Rosenthal del Partido Liberal, entre otros, no registran ninguna publicaci\u00f3n en este d\u00eda, cuando ellos diariamente publican su informaci\u00f3n como sus actividades pol\u00edticas.<\/p>\n<div class=\"wp-block-image is-style-default\">\nThelma Mej\u00eda.\n<\/div>\n<p class=\"has-background\"><strong>La tecnolog\u00eda no es perfecta<\/strong><\/p>\n<p>La periodista Thelma Mej\u00eda, jefa de la unidad de investigaci\u00f3n de Televicentro, dijo a\u00a0<strong>Proceso Digital<\/strong>\u00a0que la tecnolog\u00eda no es perfecta y hay que aprender a utilizar m\u00e1s herramientas para llevar la informaci\u00f3n a la poblaci\u00f3n.<\/p>\n<p>Sostuvo que los periodistas se han acostumbrado a las redes sociales para saber c\u00f3mo se est\u00e1 moviendo la informaci\u00f3n, las tendencias, los temas y para comunicarse con los compa\u00f1eros para asignaciones.<\/p>\n<p>En ese sentido, indic\u00f3 que se ha sentido un vac\u00edo, una orfandad informativa desde el uso de las tecnolog\u00edas, en este caso las redes sociales para la informaci\u00f3n.<\/p>\n<p>Asimismo, se\u00f1al\u00f3 que particularmente sinti\u00f3 un baj\u00f3n de presi\u00f3n en el uso de las redes, por lo que aprovech\u00f3 el tiempo para mayor concentraci\u00f3n en temas de fondo.<\/p>\n<p>\u201cEsto nos ense\u00f1\u00f3 a no renunciar a los medios tradicionales de hacer periodismo, como el uso del correo, haciendo llamadas y con Telegram, porque la plataforma de Zoom tambi\u00e9n present\u00f3 problemas\u201d, manifest\u00f3.<\/p>\n<div class=\"wp-block-image is-style-default\">\n<em>Orfa Mej\u00eda<\/em>.\n<\/div>\n<p class=\"has-background\"><strong>Bloqueo de la comunicaci\u00f3n<\/strong><\/p>\n<p>Por su parte, la periodista Orfa Mej\u00eda, editora de Opini\u00f3n de diario El Heraldo, dijo a\u00a0<strong>Proceso Digital<\/strong>\u00a0que pese a que las redes sociales tuvieron problemas, el internet sigui\u00f3 activo por lo que fue aprovechado de su parte para sacar su trabajo.<\/p>\n<p>Se\u00f1al\u00f3 que la ca\u00edda de las redes sociales afect\u00f3 la comunicaci\u00f3n que tiene con los compa\u00f1eros y el medio en el que trabaja principalmente en este momento de teletrabajo, por lo que se vio bloqueada la comunicaci\u00f3n con el WhatsApp.<\/p>\n<p>En ese sentido, dijo que se tuvo que hacer uso de la llamada telef\u00f3nica o el mensajito.<\/p>\n<p>Agreg\u00f3 que el sector m\u00e1s golpeado con la ca\u00edda de las redes sociales fueron los j\u00f3venes.<\/p>\n<div class=\"wp-block-image is-style-default\">\n<em>Claudia Almendares<\/em>.\n<\/div>\n<p class=\"has-background\"><strong>WhatsApp una herramienta indispensable<\/strong><\/p>\n<p>Claudia Almendares, periodista de Telesistema Informativo (TSI), dijo a\u00a0<strong>Proceso Digital<\/strong>\u00a0que para el periodista WhatsApp se ha convertido en una herramienta indispensable para informarse.<\/p>\n<p>\u201cCon la ca\u00edda de las redes sociales sufrida hoy nos dimos cuenta de lo indispensable que es para la inmediatez al momento de ir a cubrir un hecho\u201d, manifest\u00f3.<\/p>\n<p>Agreg\u00f3 que la comunicaci\u00f3n no fue tan fluida como se quisiera, pero que tambi\u00e9n existen otras redes que sirvieron para mantener la comunicaci\u00f3n como el Telegram y el correo electr\u00f3nico.<\/p>\n<p>Asimismo, dijo que retorn\u00f3 al mensajito de texto y a las llamadas.<\/p>\n<div class=\"wp-block-image is-style-default\">\n<em>Mariel Arteaga<\/em>.\n<\/div>\n<p class=\"has-background\"><strong>Interacci\u00f3n con el p\u00fablico<\/strong><\/p>\n<p>La periodista de Hable Como Habla (HCH), Mariel Arteaga, dijo a\u00a0<strong>Proceso Digital\u00a0<\/strong>que el mayor problema que presentaron fue la interacci\u00f3n con el p\u00fablico.<\/p>\n<p>\u201cEn lo personal me siento desactualizada completamente, porque para nosotros las redes sociales son una herramienta importante y ha afectado la informaci\u00f3n que viene de las fuentes no oficiales que son nuestro p\u00fablico\u201d, sostuvo.<\/p>\n<p>Agreg\u00f3 que internamente ellos trabajaron con Telegram, pero que esta red social no todos la usan como el WhatsApp.<\/p>\n<div class=\"wp-block-image is-style-default\">\n<em>Roger Garc\u00eda<\/em>.\n<\/div>\n<p class=\"has-background\"><strong>Ca\u00edda de redes limit\u00f3 el trabajo\u00a0<\/strong><\/p>\n<p>Mientras que el periodista de Radio Globo, Roger Garc\u00eda, sostuvo a\u00a0<strong>Proceso Digital<\/strong>\u00a0que la ca\u00edda de las redes sociales limit\u00f3 su d\u00eda laboral.<\/p>\n<p>\u201cNosotros todo lo manejamos a trav\u00e9s de WhatsApp y ante la ca\u00edda me qued\u00e9 con todo el material de trabajo, intentamos trabajar con Telegram pero tambi\u00e9n estaba saturado\u201d, manifest\u00f3.<\/p>\n<p>Agreg\u00f3 que no todo el tiempo ellos pasan las notas en vivo, sino que se graban y se manda el material y esto se hace a trav\u00e9s de las redes.<\/p>\n<p>Sostuvo que la ca\u00edda de las redes sociales limit\u00f3 su trabajo en un 80%.<\/p>\n<p><strong>Fuente: Proceso \u00a0Digital<\/strong><\/p>","protected":false},"excerpt":{"rendered":"<p>Tegucigalpa,Honduras s\u00e1bado 09 octubre 2021 En Honduras cerca de 8.5 millones de cuentas en redes sociales fueron afectadas con la\u00a0ca\u00edda de las m\u00e1s populares redes sociales\u00a0ocurrida este lunes adelant\u00f3 en su reporte\u00a0Honduras Verifica\u00a0(www.verificahn.com), al referirse al desplome por m\u00e1s de seis horas en Facebook, WhatsApp, Instagram y Messenger a nivel global. Hasta el 21 de &hellip;<\/p>\n","protected":false},"author":0,"featured_media":706,"comment_status":"open","ping_status":"open","sticky":false,"template":"","format":"standard","meta":{"_jetpack_memberships_contains_paid_content":false,"footnotes":""},"categories":[5],"tags":[],"class_list":["post-705","post","type-post","status-publish","format-standard","has-post-thumbnail","","category-noticias"],"jetpack_sharing_enabled":true,"jetpack_featured_media_url":"http:\/\/mickyandoniehn.com\/radio\/wp-content\/uploads\/2021\/10\/caida-facebook-afecta-honduras-oIWIib.jpeg","_links":{"self":[{"href":"http:\/\/mickyandoniehn.com\/radio\/wp-json\/wp\/v2\/posts\/705","targetHints":{"allow":["GET"]}}],"collection":[{"href":"http:\/\/mickyandoniehn.com\/radio\/wp-json\/wp\/v2\/posts"}],"about":[{"href":"http:\/\/mickyandoniehn.com\/radio\/wp-json\/wp\/v2\/types\/post"}],"replies":[{"embeddable":true,"href":"http:\/\/mickyandoniehn.com\/radio\/wp-json\/wp\/v2\/comments?post=705"}],"version-history":[{"count":0,"href":"http:\/\/mickyandoniehn.com\/radio\/wp-json\/wp\/v2\/posts\/705\/revisions"}],"wp:featuredmedia":[{"embeddable":true,"href":"http:\/\/mickyandoniehn.com\/radio\/wp-json\/wp\/v2\/media\/706"}],"wp:attachment":[{"href":"http:\/\/mickyandoniehn.com\/radio\/wp-json\/wp\/v2\/media?parent=705"}],"wp:term":[{"taxonomy":"category","embeddable":true,"href":"http:\/\/mickyandoniehn.com\/radio\/wp-json\/wp\/v2\/categories?post=705"},{"taxonomy":"post_tag","embeddable":true,"href":"http:\/\/mickyandoniehn.com\/radio\/wp-json\/wp\/v2\/tags?post=705"}],"curies":[{"name":"wp","href":"https:\/\/api.w.org\/{rel}","templated":true}]}}