{"id":701,"date":"2021-10-09T09:29:17","date_gmt":"2021-10-09T15:29:17","guid":{"rendered":"http:\/\/mickyandoniehn.com\/radio\/2021\/10\/09\/suben-a-108-las-muertes-maternas-en-honduras\/"},"modified":"2021-10-09T09:29:17","modified_gmt":"2021-10-09T15:29:17","slug":"suben-a-108-las-muertes-maternas-en-honduras","status":"publish","type":"post","link":"http:\/\/mickyandoniehn.com\/radio\/2021\/10\/09\/suben-a-108-las-muertes-maternas-en-honduras\/","title":{"rendered":"Suben a 108 las muertes maternas en Honduras"},"content":{"rendered":"<p><strong>Tegucigalpa,Honduras s\u00e1bado 09 octubre 2021<\/strong><\/p>\n\n<p>Las autoridades sanitarias reportaron este martes que suman 108 los decesos de embarazadas y pu\u00e9rperas por causa de la COVID-19.<\/p>\n<p class=\"has-vivid-red-color has-text-color has-background\"><em><strong>-M\u00e1s 45 mil embarazadas han sido inoculadas contra la COVID-19 de las 150 mil registradas a nivel nacional.<\/strong><\/em><\/p>\n<p>La jefa de la Unidad de Vigilancia de la Secretar\u00eda de Salud (Sesal), Karla Pav\u00f3n, confirm\u00f3 a\u00a0<strong>Proceso Digital<\/strong>\u00a0esta ma\u00f1ana que suben a 108 las mujeres en estado de gestaci\u00f3n y pu\u00e9rperas que han perdido la vida por el COVID-19.<\/p>\n<p>Pav\u00f3n indic\u00f3 que de los decesos de embarazadas que se han registrado ninguna de ellas se hab\u00eda inoculado contra el virus mortal.<\/p>\n<p>\u201cEsto es preocupante porque desde el mes pasado empezamos la vacunaci\u00f3n y siguen las muertes, ya no se deber\u00edan de registrar, esto debe de parar y tomar conciencia\u201d, arguy\u00f3.<\/p>\n<p>Se\u00f1al\u00f3 que el miedo sigue invadiendo a las mujeres embarazadas, ellas piensan que la vacuna afectar\u00e1 al beb\u00e9 y no es as\u00ed, \u201cyo les digo que no tengan miedo, no crean todo lo que dicen las redes, nosotros solo buscamos salvar la vida de ambos, porque la mujer embarazada se complica con este virus\u201d, se\u00f1al\u00f3.<\/p>\n<p>Reiter\u00f3 el llamado a la poblaci\u00f3n a vacunarse, \u201clas vacunas est\u00e1n, los centros de vacunaci\u00f3n est\u00e1n activos, no se puede permitir que las vacunas lleguen a su fecha de vencimiento porque la poblaci\u00f3n no quiere inocularse\u201d, apunt\u00f3.<\/p>\n<p><strong>Fuente: La Tribuna<\/strong><\/p>","protected":false},"excerpt":{"rendered":"<p>Tegucigalpa,Honduras s\u00e1bado 09 octubre 2021 Las autoridades sanitarias reportaron este martes que suman 108 los decesos de embarazadas y pu\u00e9rperas por causa de la COVID-19. -M\u00e1s 45 mil embarazadas han sido inoculadas contra la COVID-19 de las 150 mil registradas a nivel nacional. La jefa de la Unidad de Vigilancia de la Secretar\u00eda de Salud &hellip;<\/p>\n","protected":false},"author":0,"featured_media":702,"comment_status":"open","ping_status":"open","sticky":false,"template":"","format":"standard","meta":{"_jetpack_memberships_contains_paid_content":false,"footnotes":""},"categories":[5],"tags":[],"class_list":["post-701","post","type-post","status-publish","format-standard","has-post-thumbnail","","category-noticias"],"jetpack_sharing_enabled":true,"jetpack_featured_media_url":"http:\/\/mickyandoniehn.com\/radio\/wp-content\/uploads\/2021\/10\/Embarazadas-COVID-696x462-1-Em9vjd.jpeg","_links":{"self":[{"href":"http:\/\/mickyandoniehn.com\/radio\/wp-json\/wp\/v2\/posts\/701","targetHints":{"allow":["GET"]}}],"collection":[{"href":"http:\/\/mickyandoniehn.com\/radio\/wp-json\/wp\/v2\/posts"}],"about":[{"href":"http:\/\/mickyandoniehn.com\/radio\/wp-json\/wp\/v2\/types\/post"}],"replies":[{"embeddable":true,"href":"http:\/\/mickyandoniehn.com\/radio\/wp-json\/wp\/v2\/comments?post=701"}],"version-history":[{"count":0,"href":"http:\/\/mickyandoniehn.com\/radio\/wp-json\/wp\/v2\/posts\/701\/revisions"}],"wp:featuredmedia":[{"embeddable":true,"href":"http:\/\/mickyandoniehn.com\/radio\/wp-json\/wp\/v2\/media\/702"}],"wp:attachment":[{"href":"http:\/\/mickyandoniehn.com\/radio\/wp-json\/wp\/v2\/media?parent=701"}],"wp:term":[{"taxonomy":"category","embeddable":true,"href":"http:\/\/mickyandoniehn.com\/radio\/wp-json\/wp\/v2\/categories?post=701"},{"taxonomy":"post_tag","embeddable":true,"href":"http:\/\/mickyandoniehn.com\/radio\/wp-json\/wp\/v2\/tags?post=701"}],"curies":[{"name":"wp","href":"https:\/\/api.w.org\/{rel}","templated":true}]}}