{"id":697,"date":"2021-10-09T09:29:16","date_gmt":"2021-10-09T15:29:16","guid":{"rendered":"http:\/\/mickyandoniehn.com\/radio\/2021\/10\/09\/inician-mes-de-las-misiones-en-el-seminario-mayor-nuestra-senora-de-suyapa\/"},"modified":"2021-10-09T09:29:16","modified_gmt":"2021-10-09T15:29:16","slug":"inician-mes-de-las-misiones-en-el-seminario-mayor-nuestra-senora-de-suyapa","status":"publish","type":"post","link":"http:\/\/mickyandoniehn.com\/radio\/2021\/10\/09\/inician-mes-de-las-misiones-en-el-seminario-mayor-nuestra-senora-de-suyapa\/","title":{"rendered":"Inician Mes de las Misiones en el Seminario Mayor Nuestra Se\u00f1ora de Suyapa"},"content":{"rendered":"<p><strong>Tegucigalpa,Honduras s\u00e1bado 09 octubre 2021<\/strong><\/p>\n\n<p>En horas de la ma\u00f1ana se celebr\u00f3 una Eucarist\u00eda especial en el Seminario Nuestras Se\u00f1ora de Suyapa, all\u00ed los seminaristas junto con el presbiterio Bernardino Lazo, encargado de las Obras Misionales Pontificias de Honduras recordaron la importancia de la misi\u00f3n para la Iglesia.<\/p>\n<p>En la homil\u00eda el presb\u00edtero Lazo recalc\u00f3 que \u201d el Esp\u00edritu Santo es el protagonista de la misi\u00f3n, y el Esp\u00edritu Santo est\u00e1 con nosotros acompa\u00f1\u00e1ndonos y estar\u00e1 con nosotros a lo largo y ancho de nuestro pa\u00eds, acompa\u00f1ando a esta Iglesia misionera a esta Iglesia en salida como dice el Papa Francisco\u201d.<\/p>\n<p>\u201d Como no recordar a tantos hombres de Dios y mujeres de Dios que domingo a domingo presiden las comunidades cristianas las han presidido y no solo los domingos sino todos los d\u00edas, tantos delegados y delegadas de la Palabra, catequistas, misioneros y misioneras de Dios, por eso estamos acompa\u00f1ados, vamos acompa\u00f1ados, no estamos solos vamos acompa\u00f1ados por estos grandes misioneros y en este mes vamos a poder decir no podemos callar lo que hemos visto y o\u00eddo \u00bfqu\u00e9 hemos visto? hemos visto a nuestro Se\u00f1or Resucitado que nos env\u00eda\u201d dijo el padre Lazo.<\/p>\n<p>Quien adem\u00e1s prosigui\u00f3 diciendo que vemos al Resucitado que sale triunfante del sepulcro y que nos dice \u201d miren que yo hago nueva todas las cosas vayan a comunicar la vida del Resucitado a tiempo y a destiempo no podemos callar esa experiencia del amor de Dios que nos realiza, que nos hace felices, que nos da alegr\u00eda, no podemos callar esa experiencia del amor de Dios, experiencia del amor de Dios que tantas personas necesitan en las calles, en las plazas, en los mercados, en las comunidades que est\u00e1n m\u00e1s retiradas, en las comunidades que est\u00e1n m\u00e1s cercanas tantos corazones que necesitan este gran amor del Se\u00f1or\u201d.<\/p>\n<p>Hizo hincapi\u00e9 en que no se puede callar la fe que se tiene en el Se\u00f1or, que es una buena manera de medir cuanta es nuestra fe y cuanto es el amor de Dios, es medir con cuanta fe y con cuanto amor nos lanzamos a la misi\u00f3n. \u201d El Esp\u00edritu Santo es el protagonista de la misi\u00f3n, \u00c9l es el que mueve los corazones, \u00c9l es el que mueve las almas pid\u00e1mosle al Esp\u00edritu Santo que nos sacuda que le de una sacudida misionera a nuestra Honduras\u201d.<\/p>\n<p>Con esta celebraci\u00f3n se dio por inaugurado el Mes de las Misiones donde se nos llama a ser sembradores de la Palabra de Dios.<\/p>\n<p><strong>Fuente: La Tribuna<\/strong><\/p>","protected":false},"excerpt":{"rendered":"<p>Tegucigalpa,Honduras s\u00e1bado 09 octubre 2021 En horas de la ma\u00f1ana se celebr\u00f3 una Eucarist\u00eda especial en el Seminario Nuestras Se\u00f1ora de Suyapa, all\u00ed los seminaristas junto con el presbiterio Bernardino Lazo, encargado de las Obras Misionales Pontificias de Honduras recordaron la importancia de la misi\u00f3n para la Iglesia. En la homil\u00eda el presb\u00edtero Lazo recalc\u00f3 &hellip;<\/p>\n","protected":false},"author":0,"featured_media":698,"comment_status":"open","ping_status":"open","sticky":false,"template":"","format":"standard","meta":{"_jetpack_memberships_contains_paid_content":false,"footnotes":""},"categories":[5],"tags":[],"class_list":["post-697","post","type-post","status-publish","format-standard","has-post-thumbnail","","category-noticias"],"jetpack_sharing_enabled":true,"jetpack_featured_media_url":"http:\/\/mickyandoniehn.com\/radio\/wp-content\/uploads\/2021\/10\/MISIONES-696x464-1-JL38tH.jpeg","_links":{"self":[{"href":"http:\/\/mickyandoniehn.com\/radio\/wp-json\/wp\/v2\/posts\/697","targetHints":{"allow":["GET"]}}],"collection":[{"href":"http:\/\/mickyandoniehn.com\/radio\/wp-json\/wp\/v2\/posts"}],"about":[{"href":"http:\/\/mickyandoniehn.com\/radio\/wp-json\/wp\/v2\/types\/post"}],"replies":[{"embeddable":true,"href":"http:\/\/mickyandoniehn.com\/radio\/wp-json\/wp\/v2\/comments?post=697"}],"version-history":[{"count":0,"href":"http:\/\/mickyandoniehn.com\/radio\/wp-json\/wp\/v2\/posts\/697\/revisions"}],"wp:featuredmedia":[{"embeddable":true,"href":"http:\/\/mickyandoniehn.com\/radio\/wp-json\/wp\/v2\/media\/698"}],"wp:attachment":[{"href":"http:\/\/mickyandoniehn.com\/radio\/wp-json\/wp\/v2\/media?parent=697"}],"wp:term":[{"taxonomy":"category","embeddable":true,"href":"http:\/\/mickyandoniehn.com\/radio\/wp-json\/wp\/v2\/categories?post=697"},{"taxonomy":"post_tag","embeddable":true,"href":"http:\/\/mickyandoniehn.com\/radio\/wp-json\/wp\/v2\/tags?post=697"}],"curies":[{"name":"wp","href":"https:\/\/api.w.org\/{rel}","templated":true}]}}