{"id":69624,"date":"2024-03-21T21:12:41","date_gmt":"2024-03-22T03:12:41","guid":{"rendered":"https:\/\/mickyandoniehn.com\/radio\/2024\/03\/21\/air-europa-avisa-que-estos-datos-personales-de-sus-clientes-pueden-haberse-filtrado-esto-es-lo-que-sabemos-del-incidente\/"},"modified":"2024-03-21T21:12:41","modified_gmt":"2024-03-22T03:12:41","slug":"air-europa-avisa-que-estos-datos-personales-de-sus-clientes-pueden-haberse-filtrado-esto-es-lo-que-sabemos-del-incidente","status":"publish","type":"post","link":"http:\/\/mickyandoniehn.com\/radio\/2024\/03\/21\/air-europa-avisa-que-estos-datos-personales-de-sus-clientes-pueden-haberse-filtrado-esto-es-lo-que-sabemos-del-incidente\/","title":{"rendered":"Air Europa avisa que estos datos personales de sus clientes pueden haberse filtrado: esto es lo que sabemos del incidente"},"content":{"rendered":"<\/p>\n<p>En octubre del a\u00f1o pasado Air Europa\u00a0<a href=\"https:\/\/www.xataka.com\/seguridad\/air-europa-sufre-ciberataque-pide-a-todos-sus-clientes-que-cancelen-sus-tarjetas-credito\">sufri\u00f3 un ciberataque que aparentemente comprometi\u00f3 su entorno de pagos<\/a>. Tras el incidente, la aerol\u00ednea pidi\u00f3 de inmediato a sus clientes que\u00a0<strong>cancelaran sus tarjetas de cr\u00e9dito<\/strong>\u00a0ante el posible escenario de una filtraci\u00f3n de datos.<\/p>\n<p>Han pasado varios meses, pero el hackeo ha vuelto a aparecer en escena. La firma con sede en Lluchmayor, Mallorca, detectado durante al an\u00e1lisis t\u00e9cnico posterior al ciberataque que se podr\u00eda haber filtrado cierta informaci\u00f3n personal de algunos de sus pasajeros.<\/p>\n<h2>Un mail a los posibles afectados<\/h2>\n<p>\u201cLa informaci\u00f3n recabada indica que, como consecuencia, se habr\u00eda podido producir una\u00a0<strong>filtraci\u00f3n de datos personales<\/strong>\u00a0de clientes y\/o pasajeros entre los que podr\u00edan encontrarse los suyos\u201d, se puede leer en un correo recibido por algunos clientes este jueves a \u00faltima hora.<\/p>\n<p>El texto del mensaje se\u00f1ala que entre los datos aparentemente comprometidos se encuentran: nombre y apellidos; DNI o pasaporte; c\u00f3digo de viajero frecuente del programa Suma; direcci\u00f3n postal; fecha de nacimiento; tel\u00e9fono; correo electr\u00f3nico y nacionalidad.<\/p>\n<div class=\"article-asset-image article-asset-normal article-asset-center\">\n<div class=\"asset-content\"><\/div>\n<\/div>\n<p>Air Europa se\u00f1ala que no tiene constancia de que tales datos pudieran haber sido utilizados\u00a0<strong>para fines fraudulentos<\/strong>\u00a0y que, en caso de que sucediera, los inconvenientes ser\u00edan \u201climitados\u201d. En cualquier caso, llama prestar atenci\u00f3n a posibles ataques de phishing.<\/p>\n<p>Bas\u00e1ndose en los consejos de organismos especializados en ciberseguridad recomiendan prestar atenci\u00f3n a comunicaciones sospechosas que provengan de direcciones de correo poco fiables o que utilicen lenguaje con errores gramaticales y ortogr\u00e1ficos.<\/p>\n<div class=\"article-asset-image article-asset-normal article-asset-center\">\n<div class=\"asset-content\"><\/div>\n<\/div>\n<p>Tambi\u00e9n piden no descargar ni abrir archivos de fuente no confiables, no abrir enlaces incluidos en\u00a0<strong>comunicaciones de fuentes desconocidas<\/strong>, no contestar mensajes sospechosos y, al menos una vez al a\u00f1o, cambiar las credenciales de acceso de cuentas y perfiles digitales.<\/p>\n<p>El correo electr\u00f3nico tambi\u00e9n recuerda que Air Europa nunca pedir\u00e1 a sus clientes que compartan por mail contrase\u00f1as u otros datos confidenciales. Se trata de una recomendaci\u00f3n que podemos aplicar de manera general para evitar caer en ciberestafas y otras amenazas.<\/p>\n<p>Las filtraciones de datos personas de clientes o usuarios de diferente plataforma es una realidad. Sin embargo,<strong>\u00a0las compa\u00f1\u00edas que los almacenan<\/strong> tienen una responsabilidad que vas m\u00e1s all\u00e1 de la forma en la que los tratan: tambi\u00e9n deben protegerlos de los ciberdelincuentes.<\/p>\n<p>Cabe se\u00f1alar que esta no es la primera vez que Air Europa se ve envuelta en un incidente de ciberseguridad. En 2018 la compa\u00f1\u00eda perdi\u00f3 informaci\u00f3n personal casi medio mill\u00f3n de clientes. La Agencia Espa\u00f1ola de Protecci\u00f3n de Datos (AEPD)\u00a0<a href=\"https:\/\/www.xataka.com\/pro\/unos-ciberdelincuentes-robaron-datos-miles-clientes-air-europa-2018-hoy-aepd-multa-ello\">respondi\u00f3 con una multa de 600.000 euros<\/a>\u00a0por incumplir la Ley Org\u00e1nica de Protecci\u00f3n de Datos.<\/p>\n","protected":false},"excerpt":{"rendered":"<p>En octubre del a\u00f1o pasado Air Europa\u00a0sufri\u00f3 un ciberataque que aparentemente comprometi\u00f3 su entorno de pagos. Tras el incidente, la aerol\u00ednea pidi\u00f3 de inmediato a sus clientes que\u00a0cancelaran sus tarjetas de cr\u00e9dito\u00a0ante el posible escenario de una filtraci\u00f3n de datos. Han pasado varios meses, pero el hackeo ha vuelto a aparecer en escena. La firma &hellip;<\/p>\n","protected":false},"author":0,"featured_media":69625,"comment_status":"open","ping_status":"open","sticky":false,"template":"","format":"standard","meta":{"_jetpack_memberships_contains_paid_content":false,"footnotes":""},"categories":[5],"tags":[],"class_list":["post-69624","post","type-post","status-publish","format-standard","has-post-thumbnail","","category-noticias"],"jetpack_sharing_enabled":true,"jetpack_featured_media_url":"http:\/\/mickyandoniehn.com\/radio\/wp-content\/uploads\/2024\/03\/500_333-mu95gb.jpeg","_links":{"self":[{"href":"http:\/\/mickyandoniehn.com\/radio\/wp-json\/wp\/v2\/posts\/69624","targetHints":{"allow":["GET"]}}],"collection":[{"href":"http:\/\/mickyandoniehn.com\/radio\/wp-json\/wp\/v2\/posts"}],"about":[{"href":"http:\/\/mickyandoniehn.com\/radio\/wp-json\/wp\/v2\/types\/post"}],"replies":[{"embeddable":true,"href":"http:\/\/mickyandoniehn.com\/radio\/wp-json\/wp\/v2\/comments?post=69624"}],"version-history":[{"count":0,"href":"http:\/\/mickyandoniehn.com\/radio\/wp-json\/wp\/v2\/posts\/69624\/revisions"}],"wp:featuredmedia":[{"embeddable":true,"href":"http:\/\/mickyandoniehn.com\/radio\/wp-json\/wp\/v2\/media\/69625"}],"wp:attachment":[{"href":"http:\/\/mickyandoniehn.com\/radio\/wp-json\/wp\/v2\/media?parent=69624"}],"wp:term":[{"taxonomy":"category","embeddable":true,"href":"http:\/\/mickyandoniehn.com\/radio\/wp-json\/wp\/v2\/categories?post=69624"},{"taxonomy":"post_tag","embeddable":true,"href":"http:\/\/mickyandoniehn.com\/radio\/wp-json\/wp\/v2\/tags?post=69624"}],"curies":[{"name":"wp","href":"https:\/\/api.w.org\/{rel}","templated":true}]}}