{"id":69622,"date":"2024-03-21T18:12:33","date_gmt":"2024-03-22T00:12:33","guid":{"rendered":"https:\/\/mickyandoniehn.com\/radio\/2024\/03\/21\/siguatepeque-te-espera-en-el-festival-del-cafe\/"},"modified":"2024-03-21T18:12:33","modified_gmt":"2024-03-22T00:12:33","slug":"siguatepeque-te-espera-en-el-festival-del-cafe","status":"publish","type":"post","link":"http:\/\/mickyandoniehn.com\/radio\/2024\/03\/21\/siguatepeque-te-espera-en-el-festival-del-cafe\/","title":{"rendered":"SIGUATEPEQUE TE ESPERA EN EL FESTIVAL DEL CAF\u00c9"},"content":{"rendered":"<\/p>\n<p><em>21 de marzo \/ Nora Sagastume<\/em><\/p>\n<p>Todo listo para el FESTIVAL DEL CAF\u00c9 en la ciudad de Siguatepeque, a realizarse los d\u00edas 22 y 23 de marzo, la ciudad de los pinos abre la semana santa con aroma a caf\u00e9.<\/p>\n<p>Las actividades van desde d\u00eda de campo en la Finca la Minita, a partir de las nueve de la ma\u00f1ana.<\/p>\n<p>Inaugurando el Festival del Caf\u00e9, el viernes 22 de marzo, desde las dos de la tarde en la Casa de la Cultura, en el barrio El Carmen.<\/p>\n<p>Las actividades y productos est\u00e1n organizados para que disfrutes en familia de la mejor experiencia del caf\u00e9 con el acompa\u00f1amiento de productores locales que se esmeran por poner en alto el caf\u00e9 de Honduras.<\/p>\n<p>Siguatepeque ha ganado en dos ocasiones la Taza de la Excelencia del Caf\u00e9, la primera en 2019 y la segunda en 2021, siendo la Finac Santa Luc\u00eda, con la variedad geisha.<\/p>\n<p>Disfruta de las variedades y aromas, perfumado complejo, y sabores de duraznos, jazm\u00edn, ca\u00f1a de az\u00facar y floral.<\/p>\n<p>En Semana Santa \u00a1Ven y descubre nuestra tierra!<\/p>\n","protected":false},"excerpt":{"rendered":"<p>21 de marzo \/ Nora Sagastume Todo listo para el FESTIVAL DEL CAF\u00c9 en la ciudad de Siguatepeque, a realizarse los d\u00edas 22 y 23 de marzo, la ciudad de los pinos abre la semana santa con aroma a caf\u00e9. Las actividades van desde d\u00eda de campo en la Finca la Minita, a partir de &hellip;<\/p>\n","protected":false},"author":0,"featured_media":69623,"comment_status":"open","ping_status":"open","sticky":false,"template":"","format":"standard","meta":{"_jetpack_memberships_contains_paid_content":false,"footnotes":""},"categories":[5],"tags":[],"class_list":["post-69622","post","type-post","status-publish","format-standard","has-post-thumbnail","","category-noticias"],"jetpack_sharing_enabled":true,"jetpack_featured_media_url":"http:\/\/mickyandoniehn.com\/radio\/wp-content\/uploads\/2024\/03\/maxresdefault-18-I7EmAi.jpeg","_links":{"self":[{"href":"http:\/\/mickyandoniehn.com\/radio\/wp-json\/wp\/v2\/posts\/69622","targetHints":{"allow":["GET"]}}],"collection":[{"href":"http:\/\/mickyandoniehn.com\/radio\/wp-json\/wp\/v2\/posts"}],"about":[{"href":"http:\/\/mickyandoniehn.com\/radio\/wp-json\/wp\/v2\/types\/post"}],"replies":[{"embeddable":true,"href":"http:\/\/mickyandoniehn.com\/radio\/wp-json\/wp\/v2\/comments?post=69622"}],"version-history":[{"count":0,"href":"http:\/\/mickyandoniehn.com\/radio\/wp-json\/wp\/v2\/posts\/69622\/revisions"}],"wp:featuredmedia":[{"embeddable":true,"href":"http:\/\/mickyandoniehn.com\/radio\/wp-json\/wp\/v2\/media\/69623"}],"wp:attachment":[{"href":"http:\/\/mickyandoniehn.com\/radio\/wp-json\/wp\/v2\/media?parent=69622"}],"wp:term":[{"taxonomy":"category","embeddable":true,"href":"http:\/\/mickyandoniehn.com\/radio\/wp-json\/wp\/v2\/categories?post=69622"},{"taxonomy":"post_tag","embeddable":true,"href":"http:\/\/mickyandoniehn.com\/radio\/wp-json\/wp\/v2\/tags?post=69622"}],"curies":[{"name":"wp","href":"https:\/\/api.w.org\/{rel}","templated":true}]}}