{"id":69618,"date":"2024-03-21T15:12:33","date_gmt":"2024-03-21T21:12:33","guid":{"rendered":"http:\/\/mickyandoniehn.com\/radio\/2024\/03\/21\/delegacion-canadiense-explora-oportunidades-de-comercio-con-productores-de-cafe-hondurenos\/"},"modified":"2024-03-21T15:12:33","modified_gmt":"2024-03-21T21:12:33","slug":"delegacion-canadiense-explora-oportunidades-de-comercio-con-productores-de-cafe-hondurenos","status":"publish","type":"post","link":"http:\/\/mickyandoniehn.com\/radio\/2024\/03\/21\/delegacion-canadiense-explora-oportunidades-de-comercio-con-productores-de-cafe-hondurenos\/","title":{"rendered":"Delegaci\u00f3n canadiense explora oportunidades de comercio con productores de caf\u00e9 hondure\u00f1os"},"content":{"rendered":"<\/p>\n<p>gucigalpa. 21.03.2024<\/p>\n<p>En un evento organizado por la C\u00e1mara de Comercio e Industrias de Cort\u00e9s (CCIC), productores de caf\u00e9s especiales de Honduras presentaron su oferta a una delegaci\u00f3n de compradores canadienses. Esta iniciativa, impulsada por el programa \u00abMujeres en el Comercio para un Crecimiento Inclusivo y Sostenible\u00bb (WIT), ha beneficiado a aproximadamente 450 empresas hondure\u00f1as en diversos sectores, incluyendo caf\u00e9, vegetales, frutas y hortalizas.<\/p>\n<p>El encuentro, coordinado por la CCIC y la Oficina de Facilitaci\u00f3n del Comercio (TFO) de Canad\u00e1, reuni\u00f3 a 10 compradores canadienses con 14 empresas productoras hondure\u00f1as. Karim Qubain, presidente de la CCIC, expres\u00f3 su agradecimiento al Gobierno de Canad\u00e1 por su apoyo en la formaci\u00f3n y preparaci\u00f3n de las empresas hondure\u00f1as, destacando la mayor\u00eda de estas empresas est\u00e1n lideradas por mujeres.<\/p>\n<p>Qubain enfatiz\u00f3 el impacto positivo que estas alianzas comerciales tienen en el desarrollo econ\u00f3mico y en la mejora de la calidad de vida de las familias hondure\u00f1as. Asimismo, expres\u00f3 su esperanza de que este evento sea el inicio de nuevas relaciones comerciales que beneficien a todas las partes involucradas.<\/p>\n<p>La embajadora de Canad\u00e1 en Honduras, Elizabeth Williams, elogi\u00f3 los resultados positivos de esta colaboraci\u00f3n con la CCIC, destacando el compromiso de su Gobierno con el desarrollo sostenible e inclusivo, as\u00ed como la generaci\u00f3n de oportunidades comerciales para las empresas hondure\u00f1as.<\/p>\n","protected":false},"excerpt":{"rendered":"<p>gucigalpa. 21.03.2024 En un evento organizado por la C\u00e1mara de Comercio e Industrias de Cort\u00e9s (CCIC), productores de caf\u00e9s especiales de Honduras presentaron su oferta a una delegaci\u00f3n de compradores canadienses. Esta iniciativa, impulsada por el programa \u00abMujeres en el Comercio para un Crecimiento Inclusivo y Sostenible\u00bb (WIT), ha beneficiado a aproximadamente 450 empresas hondure\u00f1as &hellip;<\/p>\n","protected":false},"author":0,"featured_media":69619,"comment_status":"open","ping_status":"open","sticky":false,"template":"","format":"standard","meta":{"_jetpack_memberships_contains_paid_content":false,"footnotes":""},"categories":[5],"tags":[],"class_list":["post-69618","post","type-post","status-publish","format-standard","has-post-thumbnail","","category-noticias"],"jetpack_sharing_enabled":true,"jetpack_featured_media_url":"http:\/\/mickyandoniehn.com\/radio\/wp-content\/uploads\/2024\/03\/Captura-de-pantalla-2024-03-21-130105-750x430-1-80MNgj.png","_links":{"self":[{"href":"http:\/\/mickyandoniehn.com\/radio\/wp-json\/wp\/v2\/posts\/69618","targetHints":{"allow":["GET"]}}],"collection":[{"href":"http:\/\/mickyandoniehn.com\/radio\/wp-json\/wp\/v2\/posts"}],"about":[{"href":"http:\/\/mickyandoniehn.com\/radio\/wp-json\/wp\/v2\/types\/post"}],"replies":[{"embeddable":true,"href":"http:\/\/mickyandoniehn.com\/radio\/wp-json\/wp\/v2\/comments?post=69618"}],"version-history":[{"count":0,"href":"http:\/\/mickyandoniehn.com\/radio\/wp-json\/wp\/v2\/posts\/69618\/revisions"}],"wp:featuredmedia":[{"embeddable":true,"href":"http:\/\/mickyandoniehn.com\/radio\/wp-json\/wp\/v2\/media\/69619"}],"wp:attachment":[{"href":"http:\/\/mickyandoniehn.com\/radio\/wp-json\/wp\/v2\/media?parent=69618"}],"wp:term":[{"taxonomy":"category","embeddable":true,"href":"http:\/\/mickyandoniehn.com\/radio\/wp-json\/wp\/v2\/categories?post=69618"},{"taxonomy":"post_tag","embeddable":true,"href":"http:\/\/mickyandoniehn.com\/radio\/wp-json\/wp\/v2\/tags?post=69618"}],"curies":[{"name":"wp","href":"https:\/\/api.w.org\/{rel}","templated":true}]}}