{"id":69612,"date":"2024-03-21T14:12:48","date_gmt":"2024-03-21T20:12:48","guid":{"rendered":"http:\/\/mickyandoniehn.com\/radio\/2024\/03\/21\/arqueologos-japoneses-encuentran-un-hacha-ceremonial-de-casi-1700-anos-de-la-civilizacion-maya\/"},"modified":"2024-03-21T14:12:48","modified_gmt":"2024-03-21T20:12:48","slug":"arqueologos-japoneses-encuentran-un-hacha-ceremonial-de-casi-1700-anos-de-la-civilizacion-maya","status":"publish","type":"post","link":"http:\/\/mickyandoniehn.com\/radio\/2024\/03\/21\/arqueologos-japoneses-encuentran-un-hacha-ceremonial-de-casi-1700-anos-de-la-civilizacion-maya\/","title":{"rendered":"Arque\u00f3logos japoneses encuentran un hacha ceremonial de casi 1700 a\u00f1os de la Civilizaci\u00f3n Maya"},"content":{"rendered":"<\/p>\n<p>\u00a0<\/p>\n<p><strong>21.03.2024<\/strong><\/p>\n<p>\u00a0Arque\u00f3logos japoneses realizaron trabajos de investigaci\u00f3n en el Valle de La Venta y Florida, Cop\u00e1n, y encontraron un<strong>\u00a0hacha ceremonial de hace casi 1700 a\u00f1os\u00a0<\/strong>que pertenece a la civilizaci\u00f3n Maya.<\/p>\n<p>De acuerdo con diferentes medios de comunicaci\u00f3n en el\u00a0<strong>Valle de La Venta y Florida, Cop\u00e1n<\/strong>, se pretend\u00eda lotificar. Sin embargo, solicitaron una inspecci\u00f3n debido a la cercan\u00eda del sitio con \u00abLa Laguna\u00bb.<\/p>\n<p>As\u00ed fue como el Instituto Hondure\u00f1o de Antropolog\u00eda e Historia (IHAH), junto a\u00a0<strong>arque\u00f3logos japoneses<\/strong>\u00a0encontraron dos vasijas y un hacha ceremonial usado por el gobernante de este sitio precolombino maya.<\/p>\n<p>Masahiro Ogawa, de la\u00a0<strong>Universidad de Komatsu, Jap\u00f3n,\u00a0<\/strong>est\u00e1 estudiando el hacha y de acuerdo con sus an\u00e1lisis, la obsidiana es procedente de Ixtepeque, Guatemala.<\/p>\n<p>Fuente: diarioroatan.com<\/p>\n","protected":false},"excerpt":{"rendered":"<p>\u00a0 21.03.2024 \u00a0Arque\u00f3logos japoneses realizaron trabajos de investigaci\u00f3n en el Valle de La Venta y Florida, Cop\u00e1n, y encontraron un\u00a0hacha ceremonial de hace casi 1700 a\u00f1os\u00a0que pertenece a la civilizaci\u00f3n Maya. De acuerdo con diferentes medios de comunicaci\u00f3n en el\u00a0Valle de La Venta y Florida, Cop\u00e1n, se pretend\u00eda lotificar. Sin embargo, solicitaron una inspecci\u00f3n debido &hellip;<\/p>\n","protected":false},"author":0,"featured_media":69613,"comment_status":"open","ping_status":"open","sticky":false,"template":"","format":"standard","meta":{"_jetpack_memberships_contains_paid_content":false,"footnotes":""},"categories":[5],"tags":[],"class_list":["post-69612","post","type-post","status-publish","format-standard","has-post-thumbnail","","category-noticias"],"jetpack_sharing_enabled":true,"jetpack_featured_media_url":"http:\/\/mickyandoniehn.com\/radio\/wp-content\/uploads\/2024\/03\/hacha-2-750x430-1-BvfxUt.png","_links":{"self":[{"href":"http:\/\/mickyandoniehn.com\/radio\/wp-json\/wp\/v2\/posts\/69612","targetHints":{"allow":["GET"]}}],"collection":[{"href":"http:\/\/mickyandoniehn.com\/radio\/wp-json\/wp\/v2\/posts"}],"about":[{"href":"http:\/\/mickyandoniehn.com\/radio\/wp-json\/wp\/v2\/types\/post"}],"replies":[{"embeddable":true,"href":"http:\/\/mickyandoniehn.com\/radio\/wp-json\/wp\/v2\/comments?post=69612"}],"version-history":[{"count":0,"href":"http:\/\/mickyandoniehn.com\/radio\/wp-json\/wp\/v2\/posts\/69612\/revisions"}],"wp:featuredmedia":[{"embeddable":true,"href":"http:\/\/mickyandoniehn.com\/radio\/wp-json\/wp\/v2\/media\/69613"}],"wp:attachment":[{"href":"http:\/\/mickyandoniehn.com\/radio\/wp-json\/wp\/v2\/media?parent=69612"}],"wp:term":[{"taxonomy":"category","embeddable":true,"href":"http:\/\/mickyandoniehn.com\/radio\/wp-json\/wp\/v2\/categories?post=69612"},{"taxonomy":"post_tag","embeddable":true,"href":"http:\/\/mickyandoniehn.com\/radio\/wp-json\/wp\/v2\/tags?post=69612"}],"curies":[{"name":"wp","href":"https:\/\/api.w.org\/{rel}","templated":true}]}}