{"id":69608,"date":"2024-03-21T14:12:43","date_gmt":"2024-03-21T20:12:43","guid":{"rendered":"http:\/\/mickyandoniehn.com\/radio\/2024\/03\/21\/umaps-anuncia-cambio-en-el-suministro-de-agua-potable-en-tegucigalpa\/"},"modified":"2024-03-21T14:12:43","modified_gmt":"2024-03-21T20:12:43","slug":"umaps-anuncia-cambio-en-el-suministro-de-agua-potable-en-tegucigalpa","status":"publish","type":"post","link":"http:\/\/mickyandoniehn.com\/radio\/2024\/03\/21\/umaps-anuncia-cambio-en-el-suministro-de-agua-potable-en-tegucigalpa\/","title":{"rendered":"UMAPS anuncia cambio en el suministro de agua potable en Tegucigalpa"},"content":{"rendered":"<\/p>\n<p>Tegucigalpa. 21.03.2024<\/p>\n<p>La Unidad Municipal de Agua Potable y Saneamiento (UMAPS) de Tegucigalpa ha informado este mi\u00e9rcoles sobre un cambio en el suministro de agua potable para los residentes que dependen de la planta de El Picacho.<\/p>\n<p>A partir del pr\u00f3ximo 1 de abril, los abonados de esta \u00e1rea recibir\u00e1n agua cada 8 d\u00edas, seg\u00fan lo anunciado por la UMAPS en sus plataformas digitales. Esta medida se implementa como parte de una estrategia para administrar de manera m\u00e1s eficiente los recursos h\u00eddricos, en respuesta a la creciente demanda en la zona.<\/p>\n<p>El objetivo principal de esta decisi\u00f3n es garantizar un acceso equitativo al agua, especialmente en \u00e1reas donde la demanda supera la capacidad de producci\u00f3n de la planta.<\/p>\n<p>Adem\u00e1s, se han previsto medidas adicionales para asegurar que los residentes afectados tengan acceso al agua durante los d\u00edas sin suministro regular, incluyendo el uso de carros cisterna en sectores ubicados en las partes m\u00e1s altas de la ciudad.<\/p>\n<p>Por otro lado, los barrios y colonias del Distrito Central que reciben agua de las represas Concepci\u00f3n y Los Laureles mantendr\u00e1n su esquema habitual de abastecimiento, cada 3 d\u00edas, seg\u00fan lo establecido previamente por la UMAPS.<\/p>\n<p>Aunque esta medida supone un ajuste para algunos residentes, se espera que contribuya a una gesti\u00f3n m\u00e1s sostenible y equitativa del vital l\u00edquido en la capital, asegurando un acceso continuo y justo para todos los habitantes de Tegucigalpa.<\/p>\n<p>Fuente: diarioroatan.com<\/p>\n","protected":false},"excerpt":{"rendered":"<p>Tegucigalpa. 21.03.2024 La Unidad Municipal de Agua Potable y Saneamiento (UMAPS) de Tegucigalpa ha informado este mi\u00e9rcoles sobre un cambio en el suministro de agua potable para los residentes que dependen de la planta de El Picacho. A partir del pr\u00f3ximo 1 de abril, los abonados de esta \u00e1rea recibir\u00e1n agua cada 8 d\u00edas, seg\u00fan &hellip;<\/p>\n","protected":false},"author":0,"featured_media":69609,"comment_status":"open","ping_status":"open","sticky":false,"template":"","format":"standard","meta":{"_jetpack_memberships_contains_paid_content":false,"footnotes":""},"categories":[5],"tags":[],"class_list":["post-69608","post","type-post","status-publish","format-standard","has-post-thumbnail","","category-noticias"],"jetpack_sharing_enabled":true,"jetpack_featured_media_url":"http:\/\/mickyandoniehn.com\/radio\/wp-content\/uploads\/2024\/03\/11-3-750x430-1-MyKFx5.png","_links":{"self":[{"href":"http:\/\/mickyandoniehn.com\/radio\/wp-json\/wp\/v2\/posts\/69608","targetHints":{"allow":["GET"]}}],"collection":[{"href":"http:\/\/mickyandoniehn.com\/radio\/wp-json\/wp\/v2\/posts"}],"about":[{"href":"http:\/\/mickyandoniehn.com\/radio\/wp-json\/wp\/v2\/types\/post"}],"replies":[{"embeddable":true,"href":"http:\/\/mickyandoniehn.com\/radio\/wp-json\/wp\/v2\/comments?post=69608"}],"version-history":[{"count":0,"href":"http:\/\/mickyandoniehn.com\/radio\/wp-json\/wp\/v2\/posts\/69608\/revisions"}],"wp:featuredmedia":[{"embeddable":true,"href":"http:\/\/mickyandoniehn.com\/radio\/wp-json\/wp\/v2\/media\/69609"}],"wp:attachment":[{"href":"http:\/\/mickyandoniehn.com\/radio\/wp-json\/wp\/v2\/media?parent=69608"}],"wp:term":[{"taxonomy":"category","embeddable":true,"href":"http:\/\/mickyandoniehn.com\/radio\/wp-json\/wp\/v2\/categories?post=69608"},{"taxonomy":"post_tag","embeddable":true,"href":"http:\/\/mickyandoniehn.com\/radio\/wp-json\/wp\/v2\/tags?post=69608"}],"curies":[{"name":"wp","href":"https:\/\/api.w.org\/{rel}","templated":true}]}}