{"id":69604,"date":"2024-03-21T14:12:40","date_gmt":"2024-03-21T20:12:40","guid":{"rendered":"http:\/\/mickyandoniehn.com\/radio\/2024\/03\/21\/choluteca-celebrara-el-festival-regional-de-jazz-en-abril\/"},"modified":"2024-03-21T14:12:40","modified_gmt":"2024-03-21T20:12:40","slug":"choluteca-celebrara-el-festival-regional-de-jazz-en-abril","status":"publish","type":"post","link":"http:\/\/mickyandoniehn.com\/radio\/2024\/03\/21\/choluteca-celebrara-el-festival-regional-de-jazz-en-abril\/","title":{"rendered":"Choluteca celebrar\u00e1 el Festival Regional de Jazz en abril"},"content":{"rendered":"<\/p>\n<p><strong>Choluteca. 21.03.2024<\/strong><\/p>\n<p>Si eres un amante del jazz, este evento es para ti. La Coordinaci\u00f3n Regional Sur Oriente y la Unidad de M\u00fasica de la Secretar\u00eda de las Culturas, Artes y los Patrimonios (SECAPPH) invitan a todos los hondure\u00f1os a disfrutar del Festival Regional de Jazz en Choluteca, que se llevar\u00e1 a cabo del 11 al 13 de abril de 2024.<\/p>\n<p>El Festival Regional de Jazz contar\u00e1 con la participaci\u00f3n de destacados artistas como Ariel Lagos y Transe\u00fantes, Fusi\u00f3n Jazz, Ensamble de Jazz de Choluteca, Tr\u00edo Bracamontes, Metales BSP, Ensamble de Sax de Honduras, Banda de los poderes supremos de Honduras y Ensamble de Guitarras UNAH CURLP.<\/p>\n<p>El evento se desarrollar\u00e1 en 6 puntos diferentes de Choluteca y se distribuir\u00e1 a lo largo de tres d\u00edas:<\/p>\n<p><strong>Jueves 11 de abril:<\/strong><\/p>\n<p>La UNICAH presentar\u00e1 el primer concierto a las 9:00 A.M. exclusivamente para estudiantes y profesores.<br \/>\nEl Instituto Santa Mar\u00eda Goretti ofrecer\u00e1 su presentaci\u00f3n a las 4:30 p.m., tambi\u00e9n dirigida a estudiantes y profesores.<\/p>\n<p><strong>Viernes 12 de abril:<\/strong><\/p>\n<p>La UNAH organizar\u00e1 el festival a partir de las 9:00 a.m.<br \/>\nLa UTH comenzar\u00e1 sus actividades a las 4:30 p.m.<\/p>\n<p><strong>S\u00e1bado 13 de abril:<\/strong><\/p>\n<p>El congreso para m\u00fasicos brindar\u00e1 su presentaci\u00f3n a partir de las 10:00 a.m. exclusivamente para estudiantes y profesores.<\/p>\n<p>La casa de las culturas ser\u00e1 el \u00faltimo lugar de presentaci\u00f3n del Festival Regional de Jazz, el cual estar\u00e1 abierto para todo el p\u00fablico y comenzar\u00e1 a las 6:00 p.m.<\/p>\n<p>\u00a1No te pierdas esta oportunidad \u00fanica de disfrutar del mejor jazz en Choluteca!<\/p>\n<p>Fuente: diarioroatan.com<\/p>\n","protected":false},"excerpt":{"rendered":"<p>Choluteca. 21.03.2024 Si eres un amante del jazz, este evento es para ti. La Coordinaci\u00f3n Regional Sur Oriente y la Unidad de M\u00fasica de la Secretar\u00eda de las Culturas, Artes y los Patrimonios (SECAPPH) invitan a todos los hondure\u00f1os a disfrutar del Festival Regional de Jazz en Choluteca, que se llevar\u00e1 a cabo del 11 &hellip;<\/p>\n","protected":false},"author":0,"featured_media":69605,"comment_status":"open","ping_status":"open","sticky":false,"template":"","format":"standard","meta":{"_jetpack_memberships_contains_paid_content":false,"footnotes":""},"categories":[5],"tags":[],"class_list":["post-69604","post","type-post","status-publish","format-standard","has-post-thumbnail","","category-noticias"],"jetpack_sharing_enabled":true,"jetpack_featured_media_url":"http:\/\/mickyandoniehn.com\/radio\/wp-content\/uploads\/2024\/03\/jazz-3-750x430-1-4Xd5HW.jpeg","_links":{"self":[{"href":"http:\/\/mickyandoniehn.com\/radio\/wp-json\/wp\/v2\/posts\/69604","targetHints":{"allow":["GET"]}}],"collection":[{"href":"http:\/\/mickyandoniehn.com\/radio\/wp-json\/wp\/v2\/posts"}],"about":[{"href":"http:\/\/mickyandoniehn.com\/radio\/wp-json\/wp\/v2\/types\/post"}],"replies":[{"embeddable":true,"href":"http:\/\/mickyandoniehn.com\/radio\/wp-json\/wp\/v2\/comments?post=69604"}],"version-history":[{"count":0,"href":"http:\/\/mickyandoniehn.com\/radio\/wp-json\/wp\/v2\/posts\/69604\/revisions"}],"wp:featuredmedia":[{"embeddable":true,"href":"http:\/\/mickyandoniehn.com\/radio\/wp-json\/wp\/v2\/media\/69605"}],"wp:attachment":[{"href":"http:\/\/mickyandoniehn.com\/radio\/wp-json\/wp\/v2\/media?parent=69604"}],"wp:term":[{"taxonomy":"category","embeddable":true,"href":"http:\/\/mickyandoniehn.com\/radio\/wp-json\/wp\/v2\/categories?post=69604"},{"taxonomy":"post_tag","embeddable":true,"href":"http:\/\/mickyandoniehn.com\/radio\/wp-json\/wp\/v2\/tags?post=69604"}],"curies":[{"name":"wp","href":"https:\/\/api.w.org\/{rel}","templated":true}]}}