{"id":69596,"date":"2024-03-21T12:12:53","date_gmt":"2024-03-21T18:12:53","guid":{"rendered":"https:\/\/mickyandoniehn.com\/radio\/2024\/03\/21\/continuan-condiciones-secas-en-honduras\/"},"modified":"2024-03-21T12:12:53","modified_gmt":"2024-03-21T18:12:53","slug":"continuan-condiciones-secas-en-honduras","status":"publish","type":"post","link":"http:\/\/mickyandoniehn.com\/radio\/2024\/03\/21\/continuan-condiciones-secas-en-honduras\/","title":{"rendered":"Contin\u00faan condiciones secas en Honduras"},"content":{"rendered":"<\/p>\n<p><strong>Tegucigalpa. 21.03.2024<\/strong><\/p>\n<p class=\"mb-6\">La Secretar\u00eda de Gesti\u00f3n de Riesgos y Contingencias (Copeco) inform\u00f3 que las condiciones secas persisten en Honduras para este jueves, seg\u00fan detalla el pron\u00f3stico a cargo de Oscar Lagos.<\/p>\n<p class=\"mb-6\">A pesar de la sequedad generalizada, se prev\u00e9n lluvias y chubascos d\u00e9biles aislados en sectores de las regiones del norte y oriental del pa\u00eds, debido al transporte de humedad desde el mar Caribe.<\/p>\n<p class=\"mb-6\">El estado del mar presenta un oleaje moderado para el litoral caribe\u00f1o, con alturas de 1 a 3 pies, y condiciones similares se esperan en el Golfo de Fonseca.<\/p>\n<p class=\"mb-6\">En cuanto a las temperaturas, se espera una m\u00e1xima de 33\u00b0C y una m\u00ednima de 19\u00b0C en la capital, Tegucigalpa. En otras zonas geogr\u00e1ficas, las temperaturas oscilar\u00e1n entre los 35\u00b0C de m\u00e1xima y los 18\u00b0C de m\u00ednima en el centro, mientras que en el sur se alcanzar\u00e1n m\u00e1ximas de 40\u00b0C y m\u00ednimas de 25\u00b0C.<\/p>\n<p class=\"mb-6\">En el occidente del pa\u00eds, las temperaturas m\u00e1ximas alcanzar\u00e1n los 33\u00b0C, con m\u00ednimas descendiendo hasta los 14\u00b0C en la zona de Intibuc\u00e1. En la zona insular, se esperan temperaturas entre los 32\u00b0C de m\u00e1xima y los 17\u00b0C de m\u00ednima. Por \u00faltimo, en la regi\u00f3n oriental, se prev\u00e9n m\u00e1ximas de 34\u00b0C y m\u00ednimas de 23\u00b0C.<\/p>\n<p class=\"mb-6\">Se insta a la poblaci\u00f3n a mantenerse informada sobre las condiciones clim\u00e1ticas y tomar precauciones adecuadas, especialmente en \u00e1reas donde se registren lluvias d\u00e9biles.<\/p>\n<div class=\"twitter-tweet twitter-tweet-rendered\"><\/div>\n<div><\/div>\n<div>Fuente: latribuna.hn<\/div>\n","protected":false},"excerpt":{"rendered":"<p>Tegucigalpa. 21.03.2024 La Secretar\u00eda de Gesti\u00f3n de Riesgos y Contingencias (Copeco) inform\u00f3 que las condiciones secas persisten en Honduras para este jueves, seg\u00fan detalla el pron\u00f3stico a cargo de Oscar Lagos. A pesar de la sequedad generalizada, se prev\u00e9n lluvias y chubascos d\u00e9biles aislados en sectores de las regiones del norte y oriental del pa\u00eds, &hellip;<\/p>\n","protected":false},"author":0,"featured_media":69597,"comment_status":"open","ping_status":"open","sticky":false,"template":"","format":"standard","meta":{"_jetpack_memberships_contains_paid_content":false,"footnotes":""},"categories":[5],"tags":[],"class_list":["post-69596","post","type-post","status-publish","format-standard","has-post-thumbnail","","category-noticias"],"jetpack_sharing_enabled":true,"jetpack_featured_media_url":"http:\/\/mickyandoniehn.com\/radio\/wp-content\/uploads\/2024\/03\/condiciones-clima-secas-696x418-1-eCmrP5.jpeg","_links":{"self":[{"href":"http:\/\/mickyandoniehn.com\/radio\/wp-json\/wp\/v2\/posts\/69596","targetHints":{"allow":["GET"]}}],"collection":[{"href":"http:\/\/mickyandoniehn.com\/radio\/wp-json\/wp\/v2\/posts"}],"about":[{"href":"http:\/\/mickyandoniehn.com\/radio\/wp-json\/wp\/v2\/types\/post"}],"replies":[{"embeddable":true,"href":"http:\/\/mickyandoniehn.com\/radio\/wp-json\/wp\/v2\/comments?post=69596"}],"version-history":[{"count":0,"href":"http:\/\/mickyandoniehn.com\/radio\/wp-json\/wp\/v2\/posts\/69596\/revisions"}],"wp:featuredmedia":[{"embeddable":true,"href":"http:\/\/mickyandoniehn.com\/radio\/wp-json\/wp\/v2\/media\/69597"}],"wp:attachment":[{"href":"http:\/\/mickyandoniehn.com\/radio\/wp-json\/wp\/v2\/media?parent=69596"}],"wp:term":[{"taxonomy":"category","embeddable":true,"href":"http:\/\/mickyandoniehn.com\/radio\/wp-json\/wp\/v2\/categories?post=69596"},{"taxonomy":"post_tag","embeddable":true,"href":"http:\/\/mickyandoniehn.com\/radio\/wp-json\/wp\/v2\/tags?post=69596"}],"curies":[{"name":"wp","href":"https:\/\/api.w.org\/{rel}","templated":true}]}}