{"id":69594,"date":"2024-03-21T12:12:52","date_gmt":"2024-03-21T18:12:52","guid":{"rendered":"https:\/\/mickyandoniehn.com\/radio\/2024\/03\/21\/donan-literatura-de-genero-y-equipo-a-casa-de-la-cultura\/"},"modified":"2024-03-21T12:12:52","modified_gmt":"2024-03-21T18:12:52","slug":"donan-literatura-de-genero-y-equipo-a-casa-de-la-cultura","status":"publish","type":"post","link":"http:\/\/mickyandoniehn.com\/radio\/2024\/03\/21\/donan-literatura-de-genero-y-equipo-a-casa-de-la-cultura\/","title":{"rendered":"Donan literatura de g\u00e9nero y equipo a Casa de la Cultura"},"content":{"rendered":"<\/p>\n<p class=\"mb-6\"><strong>EL PARA\u00cdSO, El Para\u00edso. 21.03.2024<\/strong><\/p>\n<p class=\"mb-6\">La Casa de la Cultura de El Para\u00edso recibi\u00f3 la donaci\u00f3n de equipo y material para la biblioteca de este municipio, gracias a la gesti\u00f3n del Foro de Mujeres Pol\u00edticas de Honduras.<\/p>\n<p class=\"mb-6\">El valioso apoyo se hizo con apoyo del Proyecto Mujeres Pol\u00edticas Unidas por Honduras, financiado por la Agencia Suiza para el Desarrollo y la Cooperaci\u00f3n y coordinado por ONU Mujeres.<\/p>\n<p class=\"mb-6\">La designada presidencial, Doris Guti\u00e9rrez; la alcaldesa, Ligia La\u00ednez; y el director de la Casa de la Cultura fueron testigos de la loable entrega que viene a fortalecer la educaci\u00f3n y cultura del pueblo paraise\u00f1o.<\/p>\n<p class=\"mb-6\">La designada presidencial, Doris Guti\u00e9rrez, expres\u00f3 su agradecimiento y felicit\u00f3 a El Para\u00edso por ser parte de la historia con este proyecto.<\/p>\n<p class=\"mb-6\">\u201cNos sentimos contentos de haber obtenido esta donaci\u00f3n y donde, por cierto, la alcaldesa jug\u00f3 un papel muy importante porque ella ha participado en los cursos que se han impartido y ella elabor\u00f3 un proyecto para crear este rinc\u00f3n de lectura con contenido para nosotras, las mujeres\u201d, manifest\u00f3.<\/p>\n<p class=\"mb-6\">Agreg\u00f3 que el espacio de lectura posee \u201cdesde las leyes importantes, la Constituci\u00f3n de la Rep\u00fablica, la Ley de Igualdad de Oportunidad, la Convenci\u00f3n Contra toda Forma de Discriminaci\u00f3n hacia la Mujer, adem\u00e1s de una gran cantidad de libros que tienen poes\u00edas\u201d.<\/p>\n<p class=\"mb-6\">Guti\u00e9rrez aprovech\u00f3 para \u201cfelicitar a las mujeres de El Para\u00edso que tienen una antolog\u00eda preciosa, elaborada por mujeres paraise\u00f1as, que lindo que ustedes est\u00e1n marcando un hito en la historia de Honduras, cultivando la producci\u00f3n literaria de nosotras, las mujeres\u201d.<\/p>\n<p>En el espacio de lectura hay leyes importantes, la Constituci\u00f3n de la Rep\u00fablica, as\u00ed como literatura femenina.<\/p>\n<p class=\"mb-6\">\u201cNo solo son los libros, sino equipo tecnol\u00f3gico que consiste en una computadora, lo digo de nuevo que el conocimiento es poder, no solo el dinero, es poder \u00bfy para qu\u00e9?, para llegar a la toma de decisiones\u201d, indic\u00f3.<\/p>\n<p class=\"mb-6\">Por su parte, la alcaldesa, Ligia La\u00ednez, dijo que \u201cestamos muy agradecidos con el Foro Pol\u00edtico de Mujeres donde, por cierto, hemos tenido la oportunidad de estarnos formando en espacios de conocimiento que ellos auspician\u2026\u201d.<\/p>\n<p class=\"mb-6\">\u201c\u2026fruto de ello es contar hoy con un espacio donde m\u00e1s mujeres puedan acceder al conocimiento, este es un lote de m\u00e1s de 500 libros, mobiliario y equipo tecnol\u00f3gico para fortalecer esta biblioteca municipal\u201d, detall\u00f3.<\/p>\n<p class=\"mb-6\">\n<p class=\"mb-6\"><em><strong>DATOS<\/strong><\/em><br \/>\nRecientemente, el C\u00edrculo Cultural Paraise\u00f1o, con el apoyo de la Secretar\u00eda de las Culturas, las Artes y los Patrimonios de los Pueblos de Honduras y la Casa de la Cultura, presentaron en el marco de las celebraciones del D\u00eda Internacional de la Mujer, la primera edici\u00f3n del libro \u00abNosotras en la Poes\u00eda\u00bb, una antolog\u00eda de poes\u00eda de mujeres paraise\u00f1as que muestra el talento de esas mujeres que dejaron de guardar silencio plasmando sus pensamientos sobre el papel.<\/p>\n<p>Fuente: latribuna.hn<\/p>\n","protected":false},"excerpt":{"rendered":"<p>EL PARA\u00cdSO, El Para\u00edso. 21.03.2024 La Casa de la Cultura de El Para\u00edso recibi\u00f3 la donaci\u00f3n de equipo y material para la biblioteca de este municipio, gracias a la gesti\u00f3n del Foro de Mujeres Pol\u00edticas de Honduras. El valioso apoyo se hizo con apoyo del Proyecto Mujeres Pol\u00edticas Unidas por Honduras, financiado por la Agencia &hellip;<\/p>\n","protected":false},"author":0,"featured_media":69595,"comment_status":"open","ping_status":"open","sticky":false,"template":"","format":"standard","meta":{"_jetpack_memberships_contains_paid_content":false,"footnotes":""},"categories":[5],"tags":[],"class_list":["post-69594","post","type-post","status-publish","format-standard","has-post-thumbnail","","category-noticias"],"jetpack_sharing_enabled":true,"jetpack_featured_media_url":"http:\/\/mickyandoniehn.com\/radio\/wp-content\/uploads\/2024\/03\/BIBLIO-1-NAyXb4.jpeg","_links":{"self":[{"href":"http:\/\/mickyandoniehn.com\/radio\/wp-json\/wp\/v2\/posts\/69594","targetHints":{"allow":["GET"]}}],"collection":[{"href":"http:\/\/mickyandoniehn.com\/radio\/wp-json\/wp\/v2\/posts"}],"about":[{"href":"http:\/\/mickyandoniehn.com\/radio\/wp-json\/wp\/v2\/types\/post"}],"replies":[{"embeddable":true,"href":"http:\/\/mickyandoniehn.com\/radio\/wp-json\/wp\/v2\/comments?post=69594"}],"version-history":[{"count":0,"href":"http:\/\/mickyandoniehn.com\/radio\/wp-json\/wp\/v2\/posts\/69594\/revisions"}],"wp:featuredmedia":[{"embeddable":true,"href":"http:\/\/mickyandoniehn.com\/radio\/wp-json\/wp\/v2\/media\/69595"}],"wp:attachment":[{"href":"http:\/\/mickyandoniehn.com\/radio\/wp-json\/wp\/v2\/media?parent=69594"}],"wp:term":[{"taxonomy":"category","embeddable":true,"href":"http:\/\/mickyandoniehn.com\/radio\/wp-json\/wp\/v2\/categories?post=69594"},{"taxonomy":"post_tag","embeddable":true,"href":"http:\/\/mickyandoniehn.com\/radio\/wp-json\/wp\/v2\/tags?post=69594"}],"curies":[{"name":"wp","href":"https:\/\/api.w.org\/{rel}","templated":true}]}}