{"id":69590,"date":"2024-03-21T12:12:49","date_gmt":"2024-03-21T18:12:49","guid":{"rendered":"https:\/\/mickyandoniehn.com\/radio\/2024\/03\/21\/servicio-911-adquiere-dos-nuevas-ambulancias\/"},"modified":"2024-03-21T12:12:49","modified_gmt":"2024-03-21T18:12:49","slug":"servicio-911-adquiere-dos-nuevas-ambulancias","status":"publish","type":"post","link":"http:\/\/mickyandoniehn.com\/radio\/2024\/03\/21\/servicio-911-adquiere-dos-nuevas-ambulancias\/","title":{"rendered":"Servicio 911 adquiere dos nuevas ambulancias"},"content":{"rendered":"<\/p>\n<p class=\"mb-6\"><em><strong>CHOLUTECA<\/strong><\/em>. <strong>21.03.2024<\/strong><\/p>\n<p class=\"mb-6\">Dos ambulancias nuevas adquiri\u00f3 el Sistema Nacional de Emergencias 911 de la zona sur y probablemente se dote de m\u00e1s unidades en el transcurso del a\u00f1o, como de algunos drones.<\/p>\n<p class=\"mb-6\">El comisionado adjunto de la instituci\u00f3n, Goset Moncada, indic\u00f3 que de 23 ambulancias que se adquirieron a nivel nacional, dos se destinaron para la zona sur, ya que se carec\u00eda de esos automotores.<\/p>\n<p class=\"mb-6\">\u201cA un a\u00f1o de la intervenci\u00f3n del Sistema Nacional de Emergencias 911, se est\u00e1 cumpliendo con hechos para favorecer a la poblaci\u00f3n nacional en el momento que requiera las ambulancias en momentos de atenci\u00f3n m\u00e9dica prehospitalaria\u201d, asever\u00f3.<\/p>\n<p class=\"mb-6\">Asimismo, manifest\u00f3 que no se descarta que la zona sur del SNE-911 adquiera m\u00e1s ambulancias, dependiendo la necesidad de cada regional a nivel nacional de la instituci\u00f3n, como tambi\u00e9n de drones especiales de gran tama\u00f1o.<\/p>\n<p class=\"mb-6\">Moncada inform\u00f3 que cada regional del 911, como la zona sur, ya tiene a los motoristas y personal de emergencia de las ambulancias, y han estado capacit\u00e1ndose sobre atenciones prehospitalarias.<\/p>\n<p>Goset Moncada, dijo que la regional del SNE-911 tendr\u00e1 drones pr\u00f3ximamente.<\/p>\n<p class=\"mb-6\">Al mismo tiempo, denunci\u00f3 que en el pasado gobierno, el Sistema Nacional de Emergencias 911, hubo actos de corrupci\u00f3n, ya que en la actual administraci\u00f3n no encontraron ninguna ambulancia de las 100 que hab\u00edan comprado.<\/p>\n<p class=\"mb-6\">Catalog\u00f3 como \u201ccrimen de lesa humanidad\u201d los actos de corrupci\u00f3n de los exfuncionarios del pasado gobierno que dirigieron el SNE-911 y pidi\u00f3 les apliquen el peso de la ley.<\/p>\n<p class=\"mb-6\">Para finalizar, indic\u00f3 que gran porcentaje de las c\u00e1maras de seguridad instaladas en las principales ciudades de la zona sur (Nacaome, San Lorenzo y Choluteca) est\u00e1n funcionando y con el tiempo se colocar\u00e1n m\u00e1s en otros municipios principales<\/p>\n","protected":false},"excerpt":{"rendered":"<p>CHOLUTECA. 21.03.2024 Dos ambulancias nuevas adquiri\u00f3 el Sistema Nacional de Emergencias 911 de la zona sur y probablemente se dote de m\u00e1s unidades en el transcurso del a\u00f1o, como de algunos drones. El comisionado adjunto de la instituci\u00f3n, Goset Moncada, indic\u00f3 que de 23 ambulancias que se adquirieron a nivel nacional, dos se destinaron para &hellip;<\/p>\n","protected":false},"author":0,"featured_media":69591,"comment_status":"open","ping_status":"open","sticky":false,"template":"","format":"standard","meta":{"_jetpack_memberships_contains_paid_content":false,"footnotes":""},"categories":[5],"tags":[],"class_list":["post-69590","post","type-post","status-publish","format-standard","has-post-thumbnail","","category-noticias"],"jetpack_sharing_enabled":true,"jetpack_featured_media_url":"http:\/\/mickyandoniehn.com\/radio\/wp-content\/uploads\/2024\/03\/CHOLUTECA-AMBULANCIAS-OQGtKd.jpeg","_links":{"self":[{"href":"http:\/\/mickyandoniehn.com\/radio\/wp-json\/wp\/v2\/posts\/69590","targetHints":{"allow":["GET"]}}],"collection":[{"href":"http:\/\/mickyandoniehn.com\/radio\/wp-json\/wp\/v2\/posts"}],"about":[{"href":"http:\/\/mickyandoniehn.com\/radio\/wp-json\/wp\/v2\/types\/post"}],"replies":[{"embeddable":true,"href":"http:\/\/mickyandoniehn.com\/radio\/wp-json\/wp\/v2\/comments?post=69590"}],"version-history":[{"count":0,"href":"http:\/\/mickyandoniehn.com\/radio\/wp-json\/wp\/v2\/posts\/69590\/revisions"}],"wp:featuredmedia":[{"embeddable":true,"href":"http:\/\/mickyandoniehn.com\/radio\/wp-json\/wp\/v2\/media\/69591"}],"wp:attachment":[{"href":"http:\/\/mickyandoniehn.com\/radio\/wp-json\/wp\/v2\/media?parent=69590"}],"wp:term":[{"taxonomy":"category","embeddable":true,"href":"http:\/\/mickyandoniehn.com\/radio\/wp-json\/wp\/v2\/categories?post=69590"},{"taxonomy":"post_tag","embeddable":true,"href":"http:\/\/mickyandoniehn.com\/radio\/wp-json\/wp\/v2\/tags?post=69590"}],"curies":[{"name":"wp","href":"https:\/\/api.w.org\/{rel}","templated":true}]}}