{"id":69588,"date":"2024-03-21T10:12:42","date_gmt":"2024-03-21T16:12:42","guid":{"rendered":"http:\/\/mickyandoniehn.com\/radio\/2024\/03\/21\/21-de-marzo-dia-internacional-de-los-bosques-2\/"},"modified":"2024-03-21T10:12:42","modified_gmt":"2024-03-21T16:12:42","slug":"21-de-marzo-dia-internacional-de-los-bosques-2","status":"publish","type":"post","link":"http:\/\/mickyandoniehn.com\/radio\/2024\/03\/21\/21-de-marzo-dia-internacional-de-los-bosques-2\/","title":{"rendered":"21 De Marzo-D\u00eda internacional de los bosques"},"content":{"rendered":"<p>\u00a0<\/p>\n<\/p>\n<p><strong>El D\u00eda Internacional de los Bosques se celebra el 21 de marzo<\/strong>\u00a0y su principal objetivo, es crear conciencia de la importancia de cuidar y preservar todas las \u00e1reas forestales del planeta y con ello la supervivencia de todas las especies.<\/p>\n<p>La fecha se eligi\u00f3 porque el 21 de marzo coincide con la entrada de la primavera en el hemisferio boreal y con la del oto\u00f1o en el austral.<\/p>\n<p>La Asamblea General de la\u00a0<strong><em>ONU<\/em><\/strong>\u00a0aprob\u00f3 en diciembre de 2012 una resoluci\u00f3n en la que declar\u00f3 el 21 de marzo como el\u00a0<strong>D\u00eda Internacional de los Bosques<\/strong>.<\/p>\n<p>Los bosques tienen un impacto significativo en la salud humana.<\/p>\n<p>En primer lugar, los bosques act\u00faan como sumideros de carbono y\u00a0<strong>producen ox\u00edgeno<\/strong>, lo que ayuda a mejorar la calidad del aire que respiramos. Esto es especialmente importante en las zonas urbanas, donde la contaminaci\u00f3n del aire es un problema grave de salud p\u00fablica.<br \/>\n<strong>Los bosques purifican las aguas.<\/strong>\u00a0Los \u00e1rboles y las plantas ayudan a filtrar el agua, eliminando impurezas y reduciendo la erosi\u00f3n del suelo. Esto ayuda a mantener la calidad del agua en r\u00edos y arroyos. Adem\u00e1s, los bosques tambi\u00e9n son importantes para la recarga de acu\u00edferos subterr\u00e1neos, que son una fuente importante de agua potable en muchas regiones.<br \/>\nLos bosques tambi\u00e9n son esenciales para la<strong>\u00a0conservaci\u00f3n de la biodiversidad,<\/strong>\u00a0ya que proporcionan h\u00e1bitats para una amplia variedad de especies animales y vegetales. La biodiversidad es crucial para mantener la salud del ecosistema en general, lo que a su vez tiene un impacto positivo en la salud humana.<br \/>\nAdem\u00e1s de su papel en la calidad del aire y la biodiversidad, los bosques tambi\u00e9n ofrecen una amplia gama de beneficios para la salud humana. Estudios han demostrado que\u00a0<strong>el contacto con la naturaleza puede reducir el estr\u00e9s, la ansiedad y la depresi\u00f3n.<\/strong>\u00a0Los bosques ofrecen un lugar tranquilo y relajante para caminar, hacer senderismo o simplemente sentarse y disfrutar del entorno natural.<br \/>\nAdem\u00e1s, los bosques tambi\u00e9n pueden proporcionar\u00a0<strong>productos naturales que se utilizan en la medicina tradicional,<\/strong>\u00a0como plantas medicinales.<\/p>\n<p>\u00a0<\/p>\n<p>Cr\u00e9ditos tomados por:<\/p>\n<p>https:\/\/www.diainternacionalde.com\/ficha\/dia-internacional-bosques<\/p>\n<p>\u00a0<\/p><\/p>\n","protected":false},"excerpt":{"rendered":"<p>\u00a0 El D\u00eda Internacional de los Bosques se celebra el 21 de marzo\u00a0y su principal objetivo, es crear conciencia de la importancia de cuidar y preservar todas las \u00e1reas forestales del planeta y con ello la supervivencia de todas las especies. La fecha se eligi\u00f3 porque el 21 de marzo coincide con la entrada de &hellip;<\/p>\n","protected":false},"author":0,"featured_media":69589,"comment_status":"open","ping_status":"open","sticky":false,"template":"","format":"standard","meta":{"_jetpack_memberships_contains_paid_content":false,"footnotes":""},"categories":[5],"tags":[],"class_list":["post-69588","post","type-post","status-publish","format-standard","has-post-thumbnail","","category-noticias"],"jetpack_sharing_enabled":true,"jetpack_featured_media_url":"http:\/\/mickyandoniehn.com\/radio\/wp-content\/uploads\/2024\/03\/21-de-marzo-Dia-Internacional-de-los-Bosques-1-tO4NEt.jpeg","_links":{"self":[{"href":"http:\/\/mickyandoniehn.com\/radio\/wp-json\/wp\/v2\/posts\/69588","targetHints":{"allow":["GET"]}}],"collection":[{"href":"http:\/\/mickyandoniehn.com\/radio\/wp-json\/wp\/v2\/posts"}],"about":[{"href":"http:\/\/mickyandoniehn.com\/radio\/wp-json\/wp\/v2\/types\/post"}],"replies":[{"embeddable":true,"href":"http:\/\/mickyandoniehn.com\/radio\/wp-json\/wp\/v2\/comments?post=69588"}],"version-history":[{"count":0,"href":"http:\/\/mickyandoniehn.com\/radio\/wp-json\/wp\/v2\/posts\/69588\/revisions"}],"wp:featuredmedia":[{"embeddable":true,"href":"http:\/\/mickyandoniehn.com\/radio\/wp-json\/wp\/v2\/media\/69589"}],"wp:attachment":[{"href":"http:\/\/mickyandoniehn.com\/radio\/wp-json\/wp\/v2\/media?parent=69588"}],"wp:term":[{"taxonomy":"category","embeddable":true,"href":"http:\/\/mickyandoniehn.com\/radio\/wp-json\/wp\/v2\/categories?post=69588"},{"taxonomy":"post_tag","embeddable":true,"href":"http:\/\/mickyandoniehn.com\/radio\/wp-json\/wp\/v2\/tags?post=69588"}],"curies":[{"name":"wp","href":"https:\/\/api.w.org\/{rel}","templated":true}]}}