{"id":69582,"date":"2024-03-21T09:12:35","date_gmt":"2024-03-21T15:12:35","guid":{"rendered":"https:\/\/mickyandoniehn.com\/radio\/2024\/03\/21\/21-de-marzo-dia-mundial-del-sindrome-de-down\/"},"modified":"2024-03-21T09:12:35","modified_gmt":"2024-03-21T15:12:35","slug":"21-de-marzo-dia-mundial-del-sindrome-de-down","status":"publish","type":"post","link":"http:\/\/mickyandoniehn.com\/radio\/2024\/03\/21\/21-de-marzo-dia-mundial-del-sindrome-de-down\/","title":{"rendered":"21 de marzo, D\u00eda Mundial del S\u00edndrome de Down"},"content":{"rendered":"<p>\u00a0<\/p>\n<\/p>\n<p>En el D\u00eda Mundial del S\u00edndrome de Down, no dejemos a nadie atr\u00e1s<br \/>\nEl s\u00edndrome de Down es una combinaci\u00f3n cromos\u00f3mica natural que siempre ha formado parte de la condici\u00f3n humana, existe en todas las regiones del mundo y habitualmente tiene efectos variables en los estilos de aprendizaje, las caracter\u00edsticas f\u00edsicas o la salud.<\/p>\n<p>El acceso adecuado a la atenci\u00f3n de la salud, a los programas de intervenci\u00f3n temprana y a la ense\u00f1anza inclusiva, as\u00ed como la investigaci\u00f3n adecuada, son vitales para el crecimiento y el desarrollo de la persona.<\/p>\n<p>En diciembre de 2011, la Asamblea General design\u00f3 el 21 de marzo D\u00eda Mundial del S\u00edndrome de Down<br \/>\n(A\/RES\/66\/149 Documento PDF).<\/p>\n<p>Con esta celebraci\u00f3n, la Asamblea General quiere generar una mayor conciencia p\u00fablica sobre la cuesti\u00f3n y recordar la dignidad inherente, la val\u00eda y las valiosas contribuciones de las personas con discapacidad intelectual como promotores del bienestar y de la diversidad de sus comunidades. Asimismo, quiere resaltar la importancia de su autonom\u00eda e independencia individual, en particular la libertad de tomar sus propias decisiones.<\/p>\n<p>Este 2019 la celebraci\u00f3n del D\u00eda Mundial del S\u00edndrome de Down se centra en el lema \u00abNo dejar nadie atr\u00e1s\u00bb icono Disponible en ingl\u00e9s. Todas las personas con s\u00edndrome de Down deben tener la oportunidad de disfrutar de vidas plenas, tanto en igualdad de condiciones con las dem\u00e1s, como en el resto de aspectos de la sociedad; como se recoge en la Agenda 2030 para el Desarrollo Sostenible de la ONU \u2014el plan de acci\u00f3n en favor de las personas, el planeta y la prosperidad\u2014 que promete que \u00abnadie se quedar\u00e1 atr\u00e1s\u00bb.<\/p><\/p>\n","protected":false},"excerpt":{"rendered":"<p>\u00a0 En el D\u00eda Mundial del S\u00edndrome de Down, no dejemos a nadie atr\u00e1s El s\u00edndrome de Down es una combinaci\u00f3n cromos\u00f3mica natural que siempre ha formado parte de la condici\u00f3n humana, existe en todas las regiones del mundo y habitualmente tiene efectos variables en los estilos de aprendizaje, las caracter\u00edsticas f\u00edsicas o la salud. &hellip;<\/p>\n","protected":false},"author":0,"featured_media":69583,"comment_status":"open","ping_status":"open","sticky":false,"template":"","format":"standard","meta":{"_jetpack_memberships_contains_paid_content":false,"footnotes":""},"categories":[5],"tags":[],"class_list":["post-69582","post","type-post","status-publish","format-standard","has-post-thumbnail","","category-noticias"],"jetpack_sharing_enabled":true,"jetpack_featured_media_url":"http:\/\/mickyandoniehn.com\/radio\/wp-content\/uploads\/2024\/03\/21-de-marzo-dia-mundial-del-simdrome-de-down-x3XjyV.jpeg","_links":{"self":[{"href":"http:\/\/mickyandoniehn.com\/radio\/wp-json\/wp\/v2\/posts\/69582","targetHints":{"allow":["GET"]}}],"collection":[{"href":"http:\/\/mickyandoniehn.com\/radio\/wp-json\/wp\/v2\/posts"}],"about":[{"href":"http:\/\/mickyandoniehn.com\/radio\/wp-json\/wp\/v2\/types\/post"}],"replies":[{"embeddable":true,"href":"http:\/\/mickyandoniehn.com\/radio\/wp-json\/wp\/v2\/comments?post=69582"}],"version-history":[{"count":0,"href":"http:\/\/mickyandoniehn.com\/radio\/wp-json\/wp\/v2\/posts\/69582\/revisions"}],"wp:featuredmedia":[{"embeddable":true,"href":"http:\/\/mickyandoniehn.com\/radio\/wp-json\/wp\/v2\/media\/69583"}],"wp:attachment":[{"href":"http:\/\/mickyandoniehn.com\/radio\/wp-json\/wp\/v2\/media?parent=69582"}],"wp:term":[{"taxonomy":"category","embeddable":true,"href":"http:\/\/mickyandoniehn.com\/radio\/wp-json\/wp\/v2\/categories?post=69582"},{"taxonomy":"post_tag","embeddable":true,"href":"http:\/\/mickyandoniehn.com\/radio\/wp-json\/wp\/v2\/tags?post=69582"}],"curies":[{"name":"wp","href":"https:\/\/api.w.org\/{rel}","templated":true}]}}