{"id":69162,"date":"2026-03-29T08:18:50","date_gmt":"2026-03-29T14:18:50","guid":{"rendered":"https:\/\/mickyandoniehn.com\/radio\/?p=69162"},"modified":"2025-06-17T14:41:36","modified_gmt":"2025-06-17T20:41:36","slug":"29-de-marzo-de-2019-un-dia-como-hoy-de-2019-billie-eilish-de-diecisiete-anos-lanzo-su-album-debut-when-we-all-fall-asleep-where-do-we-go","status":"publish","type":"post","link":"http:\/\/mickyandoniehn.com\/radio\/2026\/03\/29\/29-de-marzo-de-2019-un-dia-como-hoy-de-2019-billie-eilish-de-diecisiete-anos-lanzo-su-album-debut-when-we-all-fall-asleep-where-do-we-go\/","title":{"rendered":"29 de marzo de 2019:  Un d\u00eda como hoy de 2019, Billie Eilish, de diecisiete a\u00f1os, lanz\u00f3 su \u00e1lbum debut, When We All Fall Asleep, Where Do We Go?"},"content":{"rendered":"<p><img loading=\"lazy\" decoding=\"async\" class=\"\" src=\"http:\/\/mickyandoniehn.com\/radio\/wp-content\/uploads\/2024\/03\/Billie-Eilish-When-We-All-Fall-Asleep-Where-Do-We-Go-300x300.jpg\" width=\"851\" height=\"851\" \/><\/p>\n","protected":false},"excerpt":{"rendered":"","protected":false},"author":1,"featured_media":69163,"comment_status":"open","ping_status":"open","sticky":false,"template":"","format":"standard","meta":{"_jetpack_memberships_contains_paid_content":false,"footnotes":""},"categories":[18],"tags":[],"class_list":["post-69162","post","type-post","status-publish","format-standard","has-post-thumbnail","","category-un-dia-como-hoy-en-la-historia-de-la-musica"],"jetpack_sharing_enabled":true,"jetpack_featured_media_url":"http:\/\/mickyandoniehn.com\/radio\/wp-content\/uploads\/2024\/03\/Billie-Eilish-When-We-All-Fall-Asleep-Where-Do-We-Go.jpg","_links":{"self":[{"href":"http:\/\/mickyandoniehn.com\/radio\/wp-json\/wp\/v2\/posts\/69162","targetHints":{"allow":["GET"]}}],"collection":[{"href":"http:\/\/mickyandoniehn.com\/radio\/wp-json\/wp\/v2\/posts"}],"about":[{"href":"http:\/\/mickyandoniehn.com\/radio\/wp-json\/wp\/v2\/types\/post"}],"author":[{"embeddable":true,"href":"http:\/\/mickyandoniehn.com\/radio\/wp-json\/wp\/v2\/users\/1"}],"replies":[{"embeddable":true,"href":"http:\/\/mickyandoniehn.com\/radio\/wp-json\/wp\/v2\/comments?post=69162"}],"version-history":[{"count":3,"href":"http:\/\/mickyandoniehn.com\/radio\/wp-json\/wp\/v2\/posts\/69162\/revisions"}],"predecessor-version":[{"id":87721,"href":"http:\/\/mickyandoniehn.com\/radio\/wp-json\/wp\/v2\/posts\/69162\/revisions\/87721"}],"wp:featuredmedia":[{"embeddable":true,"href":"http:\/\/mickyandoniehn.com\/radio\/wp-json\/wp\/v2\/media\/69163"}],"wp:attachment":[{"href":"http:\/\/mickyandoniehn.com\/radio\/wp-json\/wp\/v2\/media?parent=69162"}],"wp:term":[{"taxonomy":"category","embeddable":true,"href":"http:\/\/mickyandoniehn.com\/radio\/wp-json\/wp\/v2\/categories?post=69162"},{"taxonomy":"post_tag","embeddable":true,"href":"http:\/\/mickyandoniehn.com\/radio\/wp-json\/wp\/v2\/tags?post=69162"}],"curies":[{"name":"wp","href":"https:\/\/api.w.org\/{rel}","templated":true}]}}