{"id":68474,"date":"2026-03-02T08:00:46","date_gmt":"2026-03-02T14:00:46","guid":{"rendered":"https:\/\/mickyandoniehn.com\/radio\/?p=68474"},"modified":"2025-06-16T18:16:11","modified_gmt":"2025-06-17T00:16:11","slug":"02-de-marzo-de-1955-bo-diddley-tuvo-su-primera-sesion-de-grabacion-en-universal-recording-studio-en-chicago-donde-grabo-el-sencillo-bo-diddley","status":"publish","type":"post","link":"http:\/\/mickyandoniehn.com\/radio\/2026\/03\/02\/02-de-marzo-de-1955-bo-diddley-tuvo-su-primera-sesion-de-grabacion-en-universal-recording-studio-en-chicago-donde-grabo-el-sencillo-bo-diddley\/","title":{"rendered":"02 de marzo de 1955:  Bo Diddley tuvo su primera sesi\u00f3n de grabaci\u00f3n en Universal Recording Studio en Chicago, donde grab\u00f3 el sencillo &#8220;Bo Diddley&#8221;."},"content":{"rendered":"<p><img loading=\"lazy\" decoding=\"async\" class=\"alignnone wp-image-87446\" src=\"http:\/\/mickyandoniehn.com\/radio\/wp-content\/uploads\/2024\/03\/430205952_1002119474645357_4477749873193456872_n-236x300.jpg\" alt=\"\" width=\"783\" height=\"995\" srcset=\"http:\/\/mickyandoniehn.com\/radio\/wp-content\/uploads\/2024\/03\/430205952_1002119474645357_4477749873193456872_n-236x300.jpg 236w, http:\/\/mickyandoniehn.com\/radio\/wp-content\/uploads\/2024\/03\/430205952_1002119474645357_4477749873193456872_n-806x1024.jpg 806w, http:\/\/mickyandoniehn.com\/radio\/wp-content\/uploads\/2024\/03\/430205952_1002119474645357_4477749873193456872_n-768x976.jpg 768w, http:\/\/mickyandoniehn.com\/radio\/wp-content\/uploads\/2024\/03\/430205952_1002119474645357_4477749873193456872_n.jpg 919w\" sizes=\"auto, (max-width: 783px) 100vw, 783px\" \/><\/p>\n","protected":false},"excerpt":{"rendered":"","protected":false},"author":1,"featured_media":68476,"comment_status":"open","ping_status":"open","sticky":false,"template":"","format":"standard","meta":{"_jetpack_memberships_contains_paid_content":false,"footnotes":""},"categories":[18],"tags":[],"class_list":["post-68474","post","type-post","status-publish","format-standard","has-post-thumbnail","","category-un-dia-como-hoy-en-la-historia-de-la-musica"],"jetpack_sharing_enabled":true,"jetpack_featured_media_url":"http:\/\/mickyandoniehn.com\/radio\/wp-content\/uploads\/2024\/03\/Bo-Diddley.webp","_links":{"self":[{"href":"http:\/\/mickyandoniehn.com\/radio\/wp-json\/wp\/v2\/posts\/68474","targetHints":{"allow":["GET"]}}],"collection":[{"href":"http:\/\/mickyandoniehn.com\/radio\/wp-json\/wp\/v2\/posts"}],"about":[{"href":"http:\/\/mickyandoniehn.com\/radio\/wp-json\/wp\/v2\/types\/post"}],"author":[{"embeddable":true,"href":"http:\/\/mickyandoniehn.com\/radio\/wp-json\/wp\/v2\/users\/1"}],"replies":[{"embeddable":true,"href":"http:\/\/mickyandoniehn.com\/radio\/wp-json\/wp\/v2\/comments?post=68474"}],"version-history":[{"count":3,"href":"http:\/\/mickyandoniehn.com\/radio\/wp-json\/wp\/v2\/posts\/68474\/revisions"}],"predecessor-version":[{"id":87455,"href":"http:\/\/mickyandoniehn.com\/radio\/wp-json\/wp\/v2\/posts\/68474\/revisions\/87455"}],"wp:featuredmedia":[{"embeddable":true,"href":"http:\/\/mickyandoniehn.com\/radio\/wp-json\/wp\/v2\/media\/68476"}],"wp:attachment":[{"href":"http:\/\/mickyandoniehn.com\/radio\/wp-json\/wp\/v2\/media?parent=68474"}],"wp:term":[{"taxonomy":"category","embeddable":true,"href":"http:\/\/mickyandoniehn.com\/radio\/wp-json\/wp\/v2\/categories?post=68474"},{"taxonomy":"post_tag","embeddable":true,"href":"http:\/\/mickyandoniehn.com\/radio\/wp-json\/wp\/v2\/tags?post=68474"}],"curies":[{"name":"wp","href":"https:\/\/api.w.org\/{rel}","templated":true}]}}