{"id":68435,"date":"2026-03-01T07:54:49","date_gmt":"2026-03-01T13:54:49","guid":{"rendered":"https:\/\/mickyandoniehn.com\/radio\/?p=68435"},"modified":"2025-06-16T18:15:55","modified_gmt":"2025-06-17T00:15:55","slug":"01-de-marzo-de-2019-fred-foster-miembro-del-salon-de-la-fama-de-la-musica-country-murio-a-los-87-anos","status":"publish","type":"post","link":"http:\/\/mickyandoniehn.com\/radio\/2026\/03\/01\/01-de-marzo-de-2019-fred-foster-miembro-del-salon-de-la-fama-de-la-musica-country-murio-a-los-87-anos\/","title":{"rendered":"01 de marzo de 2019:  Fred Foster, miembro del Sal\u00f3n de la Fama de la M\u00fasica Country, muri\u00f3 a los 87 a\u00f1os."},"content":{"rendered":"<p><img loading=\"lazy\" decoding=\"async\" class=\"alignnone wp-image-87427\" src=\"http:\/\/mickyandoniehn.com\/radio\/wp-content\/uploads\/2024\/03\/9-1-300x201.png\" alt=\"\" width=\"822\" height=\"551\" srcset=\"http:\/\/mickyandoniehn.com\/radio\/wp-content\/uploads\/2024\/03\/9-1-300x201.png 300w, http:\/\/mickyandoniehn.com\/radio\/wp-content\/uploads\/2024\/03\/9-1-110x75.png 110w, http:\/\/mickyandoniehn.com\/radio\/wp-content\/uploads\/2024\/03\/9-1.png 596w\" sizes=\"auto, (max-width: 822px) 100vw, 822px\" \/><\/p>\n","protected":false},"excerpt":{"rendered":"","protected":false},"author":1,"featured_media":68418,"comment_status":"open","ping_status":"open","sticky":false,"template":"","format":"standard","meta":{"_jetpack_memberships_contains_paid_content":false,"footnotes":""},"categories":[18],"tags":[],"class_list":["post-68435","post","type-post","status-publish","format-standard","has-post-thumbnail","","category-un-dia-como-hoy-en-la-historia-de-la-musica"],"jetpack_sharing_enabled":true,"jetpack_featured_media_url":"http:\/\/mickyandoniehn.com\/radio\/wp-content\/uploads\/2024\/03\/9.png","_links":{"self":[{"href":"http:\/\/mickyandoniehn.com\/radio\/wp-json\/wp\/v2\/posts\/68435","targetHints":{"allow":["GET"]}}],"collection":[{"href":"http:\/\/mickyandoniehn.com\/radio\/wp-json\/wp\/v2\/posts"}],"about":[{"href":"http:\/\/mickyandoniehn.com\/radio\/wp-json\/wp\/v2\/types\/post"}],"author":[{"embeddable":true,"href":"http:\/\/mickyandoniehn.com\/radio\/wp-json\/wp\/v2\/users\/1"}],"replies":[{"embeddable":true,"href":"http:\/\/mickyandoniehn.com\/radio\/wp-json\/wp\/v2\/comments?post=68435"}],"version-history":[{"count":3,"href":"http:\/\/mickyandoniehn.com\/radio\/wp-json\/wp\/v2\/posts\/68435\/revisions"}],"predecessor-version":[{"id":87445,"href":"http:\/\/mickyandoniehn.com\/radio\/wp-json\/wp\/v2\/posts\/68435\/revisions\/87445"}],"wp:featuredmedia":[{"embeddable":true,"href":"http:\/\/mickyandoniehn.com\/radio\/wp-json\/wp\/v2\/media\/68418"}],"wp:attachment":[{"href":"http:\/\/mickyandoniehn.com\/radio\/wp-json\/wp\/v2\/media?parent=68435"}],"wp:term":[{"taxonomy":"category","embeddable":true,"href":"http:\/\/mickyandoniehn.com\/radio\/wp-json\/wp\/v2\/categories?post=68435"},{"taxonomy":"post_tag","embeddable":true,"href":"http:\/\/mickyandoniehn.com\/radio\/wp-json\/wp\/v2\/tags?post=68435"}],"curies":[{"name":"wp","href":"https:\/\/api.w.org\/{rel}","templated":true}]}}