{"id":65437,"date":"2023-12-08T07:14:16","date_gmt":"2023-12-08T13:14:16","guid":{"rendered":"https:\/\/mickyandoniehn.com\/radio\/2023\/12\/08\/danli-festeja-con-alegria-feria-en-honor-a-la-virgen-inmaculada-concepcion\/"},"modified":"2023-12-08T07:14:16","modified_gmt":"2023-12-08T13:14:16","slug":"danli-festeja-con-alegria-feria-en-honor-a-la-virgen-inmaculada-concepcion","status":"publish","type":"post","link":"http:\/\/mickyandoniehn.com\/radio\/2023\/12\/08\/danli-festeja-con-alegria-feria-en-honor-a-la-virgen-inmaculada-concepcion\/","title":{"rendered":"Danl\u00ed festeja con alegr\u00eda feria en honor a la virgen Inmaculada Concepci\u00f3n"},"content":{"rendered":"<\/p>\n<div class=\"news-content md:text-[18px] lg:text-[19px] lg:leading-[21.85px]\">\n<p class=\"mb-6\"><em><strong>DANL\u00cd, El Para\u00edso.<\/strong><\/em> <strong>07.12.2023<\/strong><\/p>\n<p class=\"mb-6\">Con alegr\u00eda y devoci\u00f3n, la Iglesia Cat\u00f3lica desarrolla junto a la comunidad danlidense todas las actividades religiosas y culturales en el marco de la fiesta patronal en honor a la virgen Inmaculada Concepci\u00f3n.<\/p>\n<p class=\"mb-6\">La novena a la virgen se realiza en barrios y colonias, donde tambi\u00e9n hay celebraciones de la palabra y por supuesto, actividades culturales, m\u00fasica de cuerda, degustaci\u00f3n de comidas t\u00edpicas y juegos pirot\u00e9cnicos.<\/p>\n<p class=\"mb-6\">La plaza y los alrededores del parque Central y la imponente Catedral Inmaculada Concepci\u00f3n son los espacios donde se desarrollan las actividades de la feria patronal.<\/p>\n<p class=\"mb-6\">La Di\u00f3cesis de Danl\u00ed, Casa de la Cultura, sociedad civil y autoridades municipales aportaron un \u201cgranito de arena\u201d para hacer de esta fiesta \u00fanica en su clase.<\/p>\n<p>Los pobladores disfrutaron de actividades religiosas y culturales, en un ambiente familiar y festivo.<\/p>\n<h3 class=\"mb-6 font-semibold text-2xl\">LA NI\u00d1A DEL IDO<\/h3>\n<p class=\"mb-6\">La Secretar\u00eda de Cultura, El Instituto Departamental de Oriente (IDO) y la Casa de la Cultura de Danl\u00ed, unidos a trav\u00e9s del arte de la m\u00fasica, crearon el grupo de Marimba \u201cLa Ni\u00f1a del IDO\u201d, para el lanzamiento de la feria patronal, adem\u00e1s, se cont\u00f3 con la visita del jefe de la Unidad de M\u00fasica de la Secretar\u00eda de Cultura, Fernando Raudales.<\/p>\n<p class=\"mb-6\">Los j\u00f3venes del IDO recibieron un taller intenso de marimba de parte de los m\u00fasicos y hoy son un grupo musical orgullo danlidense.<\/p>\n<p class=\"mb-6\">Los emprendedores encontraron su espacio para promover sus productos y los bocadillos no pueden faltar con un delicioso ponche con piquete o unas gotas de aguardiente.<\/p>\n<p class=\"mb-6\">La imagen de la virgen ha recorrido barrios y colonias y se espera que este 8 de diciembre est\u00e9 ya en su templo para recibir la tradicional serenata a la madre de los cat\u00f3licos.<\/p>\n<p>La m\u00fasica de marimba y exposiciones de pintura tambi\u00e9n son parte de las actividades de la tradicional feria.<\/p>\n<p class=\"mb-6\">\n<\/div>\n<div>\n<div>\n<div>Fuente: latribuna.hn<\/div>\n<\/div>\n<\/div>\n","protected":false},"excerpt":{"rendered":"<p>DANL\u00cd, El Para\u00edso. 07.12.2023 Con alegr\u00eda y devoci\u00f3n, la Iglesia Cat\u00f3lica desarrolla junto a la comunidad danlidense todas las actividades religiosas y culturales en el marco de la fiesta patronal en honor a la virgen Inmaculada Concepci\u00f3n. La novena a la virgen se realiza en barrios y colonias, donde tambi\u00e9n hay celebraciones de la palabra &hellip;<\/p>\n","protected":false},"author":0,"featured_media":65438,"comment_status":"open","ping_status":"open","sticky":false,"template":"","format":"standard","meta":{"_jetpack_memberships_contains_paid_content":false,"footnotes":""},"categories":[5],"tags":[],"class_list":["post-65437","post","type-post","status-publish","format-standard","has-post-thumbnail","","category-noticias"],"jetpack_sharing_enabled":true,"jetpack_featured_media_url":"http:\/\/mickyandoniehn.com\/radio\/wp-content\/uploads\/2023\/12\/VIRGEN-2-shnzc9.jpeg","_links":{"self":[{"href":"http:\/\/mickyandoniehn.com\/radio\/wp-json\/wp\/v2\/posts\/65437","targetHints":{"allow":["GET"]}}],"collection":[{"href":"http:\/\/mickyandoniehn.com\/radio\/wp-json\/wp\/v2\/posts"}],"about":[{"href":"http:\/\/mickyandoniehn.com\/radio\/wp-json\/wp\/v2\/types\/post"}],"replies":[{"embeddable":true,"href":"http:\/\/mickyandoniehn.com\/radio\/wp-json\/wp\/v2\/comments?post=65437"}],"version-history":[{"count":0,"href":"http:\/\/mickyandoniehn.com\/radio\/wp-json\/wp\/v2\/posts\/65437\/revisions"}],"wp:featuredmedia":[{"embeddable":true,"href":"http:\/\/mickyandoniehn.com\/radio\/wp-json\/wp\/v2\/media\/65438"}],"wp:attachment":[{"href":"http:\/\/mickyandoniehn.com\/radio\/wp-json\/wp\/v2\/media?parent=65437"}],"wp:term":[{"taxonomy":"category","embeddable":true,"href":"http:\/\/mickyandoniehn.com\/radio\/wp-json\/wp\/v2\/categories?post=65437"},{"taxonomy":"post_tag","embeddable":true,"href":"http:\/\/mickyandoniehn.com\/radio\/wp-json\/wp\/v2\/tags?post=65437"}],"curies":[{"name":"wp","href":"https:\/\/api.w.org\/{rel}","templated":true}]}}