{"id":601,"date":"2021-10-07T09:32:32","date_gmt":"2021-10-07T15:32:32","guid":{"rendered":"http:\/\/mickyandoniehn.com\/radio\/2021\/10\/07\/nicaragua-autoriza-uso-de-vacunas-anticovid-de-cuba\/"},"modified":"2021-10-07T09:32:32","modified_gmt":"2021-10-07T15:32:32","slug":"nicaragua-autoriza-uso-de-vacunas-anticovid-de-cuba","status":"publish","type":"post","link":"http:\/\/mickyandoniehn.com\/radio\/2021\/10\/07\/nicaragua-autoriza-uso-de-vacunas-anticovid-de-cuba\/","title":{"rendered":"Nicaragua autoriza uso de vacunas anticovid de Cuba"},"content":{"rendered":"<p><strong>Tegucigalpa,Honduras jueves 07 octubre 2021<\/strong><\/p>\n\n<p>El conglomerado p\u00fablico BioCubaFarma inform\u00f3 \u00a0que las vacunas cubanas, Soberana02 y Abdala, recibieron la autorizaci\u00f3n para el uso de emergencia en Nicaragua este viernes, tambi\u00e9n confirmado por el Ministerio de Salud del pa\u00eds centroamericano.<\/p>\n<p>De acuerdo a BioCubaFarma, cuyos centros investigadores fueron los encargados de desarrollar los cinco candidatos vacunales, la autorizaci\u00f3n se dio conforme con los los requisitos de calidad, seguridad y eficacia establecidos por las Normas T\u00e9cnicas nicarag\u00fcenses.<\/p>\n<p>\u00a0<\/p>\n<p>\u00a0<\/p>\n<p><a href=\"https:\/\/hondudiario.com\/wp-content\/uploads\/2021\/10\/descarga.jpeg\">Por su parte, el Ministerio de Salud nicarag\u00fcense, al confirmar la noticia, explic\u00f3 que las vacunas cubanas ser\u00e1n utilizadas, a partir del 20 de octubre, en la poblaci\u00f3n pedi\u00e1trica de 2 a 17 a\u00f1os de edad, siempre y cuando los padres autoricen la vacunaci\u00f3n de sus hijos.<\/a><\/p>\n<p>\u00a0<\/p>\n<p><a href=\"https:\/\/hondudiario.com\/wp-content\/uploads\/2021\/10\/descarga.jpeg\">Ambas vacunas ya se utilizan en poblaci\u00f3n pedi\u00e1trica en Cuba, sobre todo la Soberana02, la cual surgi\u00f3 de una plataforma tecnol\u00f3gica de vacunas infantiles desarrolladas por el Instituto Finlay, especializado en desarrollar vacunas conjugadas y m\u00faltiples.<\/a><\/p>\n<p><a href=\"https:\/\/hondudiario.com\/wp-content\/uploads\/2021\/10\/descarga.jpeg\">El Instituto Finlay y el Centro de Ingenier\u00eda Gen\u00e9tica y Biotecnolog\u00eda, son los desarrolladores de vacunas del conglomerado BioCubaFarma<\/a><\/p>\n<p><strong>Fuente: hondudiario<\/strong><\/p>","protected":false},"excerpt":{"rendered":"<p>Tegucigalpa,Honduras jueves 07 octubre 2021 El conglomerado p\u00fablico BioCubaFarma inform\u00f3 \u00a0que las vacunas cubanas, Soberana02 y Abdala, recibieron la autorizaci\u00f3n para el uso de emergencia en Nicaragua este viernes, tambi\u00e9n confirmado por el Ministerio de Salud del pa\u00eds centroamericano. De acuerdo a BioCubaFarma, cuyos centros investigadores fueron los encargados de desarrollar los cinco candidatos vacunales, &hellip;<\/p>\n","protected":false},"author":0,"featured_media":602,"comment_status":"open","ping_status":"open","sticky":false,"template":"","format":"standard","meta":{"_jetpack_memberships_contains_paid_content":false,"footnotes":""},"categories":[5],"tags":[],"class_list":["post-601","post","type-post","status-publish","format-standard","has-post-thumbnail","","category-noticias"],"jetpack_sharing_enabled":true,"jetpack_featured_media_url":"http:\/\/mickyandoniehn.com\/radio\/wp-content\/uploads\/2021\/10\/descarga-1-9yxsfm.jpeg","_links":{"self":[{"href":"http:\/\/mickyandoniehn.com\/radio\/wp-json\/wp\/v2\/posts\/601","targetHints":{"allow":["GET"]}}],"collection":[{"href":"http:\/\/mickyandoniehn.com\/radio\/wp-json\/wp\/v2\/posts"}],"about":[{"href":"http:\/\/mickyandoniehn.com\/radio\/wp-json\/wp\/v2\/types\/post"}],"replies":[{"embeddable":true,"href":"http:\/\/mickyandoniehn.com\/radio\/wp-json\/wp\/v2\/comments?post=601"}],"version-history":[{"count":0,"href":"http:\/\/mickyandoniehn.com\/radio\/wp-json\/wp\/v2\/posts\/601\/revisions"}],"wp:featuredmedia":[{"embeddable":true,"href":"http:\/\/mickyandoniehn.com\/radio\/wp-json\/wp\/v2\/media\/602"}],"wp:attachment":[{"href":"http:\/\/mickyandoniehn.com\/radio\/wp-json\/wp\/v2\/media?parent=601"}],"wp:term":[{"taxonomy":"category","embeddable":true,"href":"http:\/\/mickyandoniehn.com\/radio\/wp-json\/wp\/v2\/categories?post=601"},{"taxonomy":"post_tag","embeddable":true,"href":"http:\/\/mickyandoniehn.com\/radio\/wp-json\/wp\/v2\/tags?post=601"}],"curies":[{"name":"wp","href":"https:\/\/api.w.org\/{rel}","templated":true}]}}