{"id":55362,"date":"2026-04-25T09:30:12","date_gmt":"2026-04-25T15:30:12","guid":{"rendered":"https:\/\/mickyandoniehn.com\/radio\/?p=55362"},"modified":"2025-06-19T16:02:44","modified_gmt":"2025-06-19T22:02:44","slug":"25-de-abril-de-2002-lisa-left-eye-lopes-de-tlc-murio-cuando-el-vehiculo-que-conducia-se-salio-de-la-carretera","status":"publish","type":"post","link":"http:\/\/mickyandoniehn.com\/radio\/2026\/04\/25\/25-de-abril-de-2002-lisa-left-eye-lopes-de-tlc-murio-cuando-el-vehiculo-que-conducia-se-salio-de-la-carretera\/","title":{"rendered":"25 de abril de 2002. Lisa &#8216;Left Eye&#8217; Lopes de TLC muri\u00f3 cuando el veh\u00edculo que conduc\u00eda se sali\u00f3 de la carretera."},"content":{"rendered":"<p><img loading=\"lazy\" decoding=\"async\" class=\" wp-image-55324 aligncenter\" src=\"http:\/\/mickyandoniehn.com\/radio\/wp-content\/uploads\/2023\/04\/10-4-300x283.png\" alt=\"\" width=\"515\" height=\"486\" srcset=\"http:\/\/mickyandoniehn.com\/radio\/wp-content\/uploads\/2023\/04\/10-4-300x283.png 300w, http:\/\/mickyandoniehn.com\/radio\/wp-content\/uploads\/2023\/04\/10-4.png 611w\" sizes=\"auto, (max-width: 515px) 100vw, 515px\" \/><\/p>\n","protected":false},"excerpt":{"rendered":"","protected":false},"author":1,"featured_media":55338,"comment_status":"open","ping_status":"open","sticky":false,"template":"","format":"standard","meta":{"_jetpack_memberships_contains_paid_content":false,"footnotes":""},"categories":[18],"tags":[],"class_list":["post-55362","post","type-post","status-publish","format-standard","has-post-thumbnail","","category-un-dia-como-hoy-en-la-historia-de-la-musica"],"jetpack_sharing_enabled":true,"jetpack_featured_media_url":"http:\/\/mickyandoniehn.com\/radio\/wp-content\/uploads\/2023\/04\/10-4.jpg","_links":{"self":[{"href":"http:\/\/mickyandoniehn.com\/radio\/wp-json\/wp\/v2\/posts\/55362","targetHints":{"allow":["GET"]}}],"collection":[{"href":"http:\/\/mickyandoniehn.com\/radio\/wp-json\/wp\/v2\/posts"}],"about":[{"href":"http:\/\/mickyandoniehn.com\/radio\/wp-json\/wp\/v2\/types\/post"}],"author":[{"embeddable":true,"href":"http:\/\/mickyandoniehn.com\/radio\/wp-json\/wp\/v2\/users\/1"}],"replies":[{"embeddable":true,"href":"http:\/\/mickyandoniehn.com\/radio\/wp-json\/wp\/v2\/comments?post=55362"}],"version-history":[{"count":1,"href":"http:\/\/mickyandoniehn.com\/radio\/wp-json\/wp\/v2\/posts\/55362\/revisions"}],"predecessor-version":[{"id":55363,"href":"http:\/\/mickyandoniehn.com\/radio\/wp-json\/wp\/v2\/posts\/55362\/revisions\/55363"}],"wp:featuredmedia":[{"embeddable":true,"href":"http:\/\/mickyandoniehn.com\/radio\/wp-json\/wp\/v2\/media\/55338"}],"wp:attachment":[{"href":"http:\/\/mickyandoniehn.com\/radio\/wp-json\/wp\/v2\/media?parent=55362"}],"wp:term":[{"taxonomy":"category","embeddable":true,"href":"http:\/\/mickyandoniehn.com\/radio\/wp-json\/wp\/v2\/categories?post=55362"},{"taxonomy":"post_tag","embeddable":true,"href":"http:\/\/mickyandoniehn.com\/radio\/wp-json\/wp\/v2\/tags?post=55362"}],"curies":[{"name":"wp","href":"https:\/\/api.w.org\/{rel}","templated":true}]}}