{"id":53326,"date":"2026-02-23T15:15:29","date_gmt":"2026-02-23T21:15:29","guid":{"rendered":"https:\/\/mickyandoniehn.com\/radio\/?p=53326"},"modified":"2025-06-16T18:09:42","modified_gmt":"2025-06-17T00:09:42","slug":"23-de-febrero-de-1985-stevie-wonder-fue-arrestado-durante-una-manifestacion-contra-el-apartheid-frente-a-la-embajada-de-sudafrica-en-washington-d-c-fue-puesto-en-libertad-tras-ser-interrogado-por","status":"publish","type":"post","link":"http:\/\/mickyandoniehn.com\/radio\/2026\/02\/23\/23-de-febrero-de-1985-stevie-wonder-fue-arrestado-durante-una-manifestacion-contra-el-apartheid-frente-a-la-embajada-de-sudafrica-en-washington-d-c-fue-puesto-en-libertad-tras-ser-interrogado-por\/","title":{"rendered":"23 de febrero de 1985. Stevie Wonder fue arrestado durante una manifestaci\u00f3n contra el apartheid frente a la Embajada de Sud\u00e1frica en Washington, D.C.; fue puesto en libertad tras ser interrogado por la polic\u00eda."},"content":{"rendered":"<p><img loading=\"lazy\" decoding=\"async\" class=\" wp-image-53312 aligncenter\" src=\"http:\/\/mickyandoniehn.com\/radio\/wp-content\/uploads\/2023\/03\/6-6-252x300.jpg\" alt=\"\" width=\"475\" height=\"565\" srcset=\"http:\/\/mickyandoniehn.com\/radio\/wp-content\/uploads\/2023\/03\/6-6-252x300.jpg 252w, http:\/\/mickyandoniehn.com\/radio\/wp-content\/uploads\/2023\/03\/6-6.jpg 547w\" sizes=\"auto, (max-width: 475px) 100vw, 475px\" \/><\/p>\n","protected":false},"excerpt":{"rendered":"","protected":false},"author":1,"featured_media":53311,"comment_status":"open","ping_status":"open","sticky":false,"template":"","format":"standard","meta":{"_jetpack_memberships_contains_paid_content":false,"footnotes":""},"categories":[18],"tags":[],"class_list":["post-53326","post","type-post","status-publish","format-standard","has-post-thumbnail","","category-un-dia-como-hoy-en-la-historia-de-la-musica"],"jetpack_sharing_enabled":true,"jetpack_featured_media_url":"http:\/\/mickyandoniehn.com\/radio\/wp-content\/uploads\/2023\/03\/6.6-1.jpg","_links":{"self":[{"href":"http:\/\/mickyandoniehn.com\/radio\/wp-json\/wp\/v2\/posts\/53326","targetHints":{"allow":["GET"]}}],"collection":[{"href":"http:\/\/mickyandoniehn.com\/radio\/wp-json\/wp\/v2\/posts"}],"about":[{"href":"http:\/\/mickyandoniehn.com\/radio\/wp-json\/wp\/v2\/types\/post"}],"author":[{"embeddable":true,"href":"http:\/\/mickyandoniehn.com\/radio\/wp-json\/wp\/v2\/users\/1"}],"replies":[{"embeddable":true,"href":"http:\/\/mickyandoniehn.com\/radio\/wp-json\/wp\/v2\/comments?post=53326"}],"version-history":[{"count":1,"href":"http:\/\/mickyandoniehn.com\/radio\/wp-json\/wp\/v2\/posts\/53326\/revisions"}],"predecessor-version":[{"id":53327,"href":"http:\/\/mickyandoniehn.com\/radio\/wp-json\/wp\/v2\/posts\/53326\/revisions\/53327"}],"wp:featuredmedia":[{"embeddable":true,"href":"http:\/\/mickyandoniehn.com\/radio\/wp-json\/wp\/v2\/media\/53311"}],"wp:attachment":[{"href":"http:\/\/mickyandoniehn.com\/radio\/wp-json\/wp\/v2\/media?parent=53326"}],"wp:term":[{"taxonomy":"category","embeddable":true,"href":"http:\/\/mickyandoniehn.com\/radio\/wp-json\/wp\/v2\/categories?post=53326"},{"taxonomy":"post_tag","embeddable":true,"href":"http:\/\/mickyandoniehn.com\/radio\/wp-json\/wp\/v2\/tags?post=53326"}],"curies":[{"name":"wp","href":"https:\/\/api.w.org\/{rel}","templated":true}]}}