{"id":53214,"date":"2026-02-21T14:29:44","date_gmt":"2026-02-21T20:29:44","guid":{"rendered":"https:\/\/mickyandoniehn.com\/radio\/?p=53214"},"modified":"2025-06-16T18:09:14","modified_gmt":"2025-06-17T00:09:14","slug":"21-de-febrero-de-1976-florence-ballard-de-the-supremes-murio-de-un-paro-cardiaco-a-los-32-anos","status":"publish","type":"post","link":"http:\/\/mickyandoniehn.com\/radio\/2026\/02\/21\/21-de-febrero-de-1976-florence-ballard-de-the-supremes-murio-de-un-paro-cardiaco-a-los-32-anos\/","title":{"rendered":"21 de febrero de 1976. Florence Ballard de The Supremes muri\u00f3 de un paro card\u00edaco a los 32 a\u00f1os."},"content":{"rendered":"<p><img loading=\"lazy\" decoding=\"async\" class=\" wp-image-53184 aligncenter\" src=\"http:\/\/mickyandoniehn.com\/radio\/wp-content\/uploads\/2023\/03\/8-3-249x300.jpg\" alt=\"\" width=\"434\" height=\"523\" srcset=\"http:\/\/mickyandoniehn.com\/radio\/wp-content\/uploads\/2023\/03\/8-3-249x300.jpg 249w, http:\/\/mickyandoniehn.com\/radio\/wp-content\/uploads\/2023\/03\/8-3.jpg 513w\" sizes=\"auto, (max-width: 434px) 100vw, 434px\" \/><\/p>\n","protected":false},"excerpt":{"rendered":"","protected":false},"author":1,"featured_media":53194,"comment_status":"open","ping_status":"open","sticky":false,"template":"","format":"standard","meta":{"_jetpack_memberships_contains_paid_content":false,"footnotes":""},"categories":[18],"tags":[],"class_list":["post-53214","post","type-post","status-publish","format-standard","has-post-thumbnail","","category-un-dia-como-hoy-en-la-historia-de-la-musica"],"jetpack_sharing_enabled":true,"jetpack_featured_media_url":"http:\/\/mickyandoniehn.com\/radio\/wp-content\/uploads\/2023\/03\/8.4.jpg","_links":{"self":[{"href":"http:\/\/mickyandoniehn.com\/radio\/wp-json\/wp\/v2\/posts\/53214","targetHints":{"allow":["GET"]}}],"collection":[{"href":"http:\/\/mickyandoniehn.com\/radio\/wp-json\/wp\/v2\/posts"}],"about":[{"href":"http:\/\/mickyandoniehn.com\/radio\/wp-json\/wp\/v2\/types\/post"}],"author":[{"embeddable":true,"href":"http:\/\/mickyandoniehn.com\/radio\/wp-json\/wp\/v2\/users\/1"}],"replies":[{"embeddable":true,"href":"http:\/\/mickyandoniehn.com\/radio\/wp-json\/wp\/v2\/comments?post=53214"}],"version-history":[{"count":1,"href":"http:\/\/mickyandoniehn.com\/radio\/wp-json\/wp\/v2\/posts\/53214\/revisions"}],"predecessor-version":[{"id":53215,"href":"http:\/\/mickyandoniehn.com\/radio\/wp-json\/wp\/v2\/posts\/53214\/revisions\/53215"}],"wp:featuredmedia":[{"embeddable":true,"href":"http:\/\/mickyandoniehn.com\/radio\/wp-json\/wp\/v2\/media\/53194"}],"wp:attachment":[{"href":"http:\/\/mickyandoniehn.com\/radio\/wp-json\/wp\/v2\/media?parent=53214"}],"wp:term":[{"taxonomy":"category","embeddable":true,"href":"http:\/\/mickyandoniehn.com\/radio\/wp-json\/wp\/v2\/categories?post=53214"},{"taxonomy":"post_tag","embeddable":true,"href":"http:\/\/mickyandoniehn.com\/radio\/wp-json\/wp\/v2\/tags?post=53214"}],"curies":[{"name":"wp","href":"https:\/\/api.w.org\/{rel}","templated":true}]}}