{"id":53204,"date":"2026-02-21T14:25:50","date_gmt":"2026-02-21T20:25:50","guid":{"rendered":"https:\/\/mickyandoniehn.com\/radio\/?p=53204"},"modified":"2025-06-16T18:07:20","modified_gmt":"2025-06-17T00:07:20","slug":"21-de-febrero-de-1993-eunice-kathleen-waymon-tambien-conocida-como-nina-simone-nacio-en-este-dia-en-1933-simone-fue-una-cantante-compositora-pianista-arreglista-y-activista-de-los-derechos-civi","status":"publish","type":"post","link":"http:\/\/mickyandoniehn.com\/radio\/2026\/02\/21\/21-de-febrero-de-1993-eunice-kathleen-waymon-tambien-conocida-como-nina-simone-nacio-en-este-dia-en-1933-simone-fue-una-cantante-compositora-pianista-arreglista-y-activista-de-los-derechos-civi\/","title":{"rendered":"21 de febrero de 1993. Eunice Kathleen Waymon (tambi\u00e9n conocida como Nina Simone) naci\u00f3 en este d\u00eda en 1933. Simone fue una cantante, compositora, pianista, arreglista y activista de los derechos civiles que trabaj\u00f3 en una amplia gama de estilos musicales."},"content":{"rendered":"<p><img loading=\"lazy\" decoding=\"async\" class=\" wp-image-53189 aligncenter\" src=\"http:\/\/mickyandoniehn.com\/radio\/wp-content\/uploads\/2023\/03\/1-4-265x300.jpg\" alt=\"\" width=\"467\" height=\"529\" srcset=\"http:\/\/mickyandoniehn.com\/radio\/wp-content\/uploads\/2023\/03\/1-4-265x300.jpg 265w, http:\/\/mickyandoniehn.com\/radio\/wp-content\/uploads\/2023\/03\/1-4.jpg 481w\" sizes=\"auto, (max-width: 467px) 100vw, 467px\" \/><\/p>\n","protected":false},"excerpt":{"rendered":"","protected":false},"author":1,"featured_media":53181,"comment_status":"open","ping_status":"open","sticky":false,"template":"","format":"standard","meta":{"_jetpack_memberships_contains_paid_content":false,"footnotes":""},"categories":[18],"tags":[],"class_list":["post-53204","post","type-post","status-publish","format-standard","has-post-thumbnail","","category-un-dia-como-hoy-en-la-historia-de-la-musica"],"jetpack_sharing_enabled":true,"jetpack_featured_media_url":"http:\/\/mickyandoniehn.com\/radio\/wp-content\/uploads\/2023\/03\/1.4.jpg","_links":{"self":[{"href":"http:\/\/mickyandoniehn.com\/radio\/wp-json\/wp\/v2\/posts\/53204","targetHints":{"allow":["GET"]}}],"collection":[{"href":"http:\/\/mickyandoniehn.com\/radio\/wp-json\/wp\/v2\/posts"}],"about":[{"href":"http:\/\/mickyandoniehn.com\/radio\/wp-json\/wp\/v2\/types\/post"}],"author":[{"embeddable":true,"href":"http:\/\/mickyandoniehn.com\/radio\/wp-json\/wp\/v2\/users\/1"}],"replies":[{"embeddable":true,"href":"http:\/\/mickyandoniehn.com\/radio\/wp-json\/wp\/v2\/comments?post=53204"}],"version-history":[{"count":1,"href":"http:\/\/mickyandoniehn.com\/radio\/wp-json\/wp\/v2\/posts\/53204\/revisions"}],"predecessor-version":[{"id":53205,"href":"http:\/\/mickyandoniehn.com\/radio\/wp-json\/wp\/v2\/posts\/53204\/revisions\/53205"}],"wp:featuredmedia":[{"embeddable":true,"href":"http:\/\/mickyandoniehn.com\/radio\/wp-json\/wp\/v2\/media\/53181"}],"wp:attachment":[{"href":"http:\/\/mickyandoniehn.com\/radio\/wp-json\/wp\/v2\/media?parent=53204"}],"wp:term":[{"taxonomy":"category","embeddable":true,"href":"http:\/\/mickyandoniehn.com\/radio\/wp-json\/wp\/v2\/categories?post=53204"},{"taxonomy":"post_tag","embeddable":true,"href":"http:\/\/mickyandoniehn.com\/radio\/wp-json\/wp\/v2\/tags?post=53204"}],"curies":[{"name":"wp","href":"https:\/\/api.w.org\/{rel}","templated":true}]}}