{"id":52104,"date":"2023-03-07T14:12:54","date_gmt":"2023-03-07T20:12:54","guid":{"rendered":"http:\/\/mickyandoniehn.com\/radio\/2023\/03\/07\/entregan-mas-de-l200-mil-en-proyectos-a-campesinos-de-tela\/"},"modified":"2023-03-07T14:12:54","modified_gmt":"2023-03-07T20:12:54","slug":"entregan-mas-de-l200-mil-en-proyectos-a-campesinos-de-tela","status":"publish","type":"post","link":"http:\/\/mickyandoniehn.com\/radio\/2023\/03\/07\/entregan-mas-de-l200-mil-en-proyectos-a-campesinos-de-tela\/","title":{"rendered":"Entregan m\u00e1s de L200 mil en proyectos a campesinos de Tela"},"content":{"rendered":"<\/p>\n<p><strong>TELA. 07.03.2023<\/strong><\/p>\n<p>Un nuevo proyecto de cultivo de pl\u00e1tano, valorado en m\u00e1s de 240 mil lempiras, beneficiar\u00e1 a productores del Litoral Atl\u00e1ntico, a trav\u00e9s del convenio firmado entre el Instituto Nacional Agrario y la Fundaci\u00f3n para el Desarrollo Empresarial Rural (FUNDER).<\/p>\n<p>Este proyecto viene a mejorar la calidad de vida de 10 familias socias y pertenecientes a la Empresa Asociativa Campesina de Producci\u00f3n (EACP) \u201cNueva Visi\u00f3n\u201d, afiliada a la Asociaci\u00f3n Nacional de Campesinos Hondure\u00f1os (ANACH), ubicados en la aldea Cang\u00e9lica Abajo, del municipio de Tela, Atl\u00e1ntida.<\/p>\n<p>El titular del INA, Francisco Funes, manifest\u00f3 que se busca mejorar la condici\u00f3n de vida de los agricultores mediante la capacitaci\u00f3n y procesos de identificaci\u00f3n en el plan Agrario.<\/p>\n<p>En esta entrega se cont\u00f3 con la asistencia del ingeniero y jefe de la Regional de La Ceiba, Julio Contreras, el presidente de la ANACH, Ram\u00f3n Navarro, t\u00e9cnicos de la sectorial de Tela. El representante de Reconversi\u00f3n Empresarial de La Ceiba, Luis Merlo y el dirigente de Funder, Walter Rodr\u00edguez.<\/p>\n<p>Fuente&gt; latribuna.hn<\/p>\n","protected":false},"excerpt":{"rendered":"<p>TELA. 07.03.2023 Un nuevo proyecto de cultivo de pl\u00e1tano, valorado en m\u00e1s de 240 mil lempiras, beneficiar\u00e1 a productores del Litoral Atl\u00e1ntico, a trav\u00e9s del convenio firmado entre el Instituto Nacional Agrario y la Fundaci\u00f3n para el Desarrollo Empresarial Rural (FUNDER). Este proyecto viene a mejorar la calidad de vida de 10 familias socias y &hellip;<\/p>\n","protected":false},"author":0,"featured_media":52105,"comment_status":"open","ping_status":"open","sticky":false,"template":"","format":"standard","meta":{"_jetpack_memberships_contains_paid_content":false,"footnotes":""},"categories":[5],"tags":[],"class_list":["post-52104","post","type-post","status-publish","format-standard","has-post-thumbnail","","category-noticias"],"jetpack_sharing_enabled":true,"jetpack_featured_media_url":"http:\/\/mickyandoniehn.com\/radio\/wp-content\/uploads\/2023\/03\/tela-uSbINj.jpeg","_links":{"self":[{"href":"http:\/\/mickyandoniehn.com\/radio\/wp-json\/wp\/v2\/posts\/52104","targetHints":{"allow":["GET"]}}],"collection":[{"href":"http:\/\/mickyandoniehn.com\/radio\/wp-json\/wp\/v2\/posts"}],"about":[{"href":"http:\/\/mickyandoniehn.com\/radio\/wp-json\/wp\/v2\/types\/post"}],"replies":[{"embeddable":true,"href":"http:\/\/mickyandoniehn.com\/radio\/wp-json\/wp\/v2\/comments?post=52104"}],"version-history":[{"count":0,"href":"http:\/\/mickyandoniehn.com\/radio\/wp-json\/wp\/v2\/posts\/52104\/revisions"}],"wp:featuredmedia":[{"embeddable":true,"href":"http:\/\/mickyandoniehn.com\/radio\/wp-json\/wp\/v2\/media\/52105"}],"wp:attachment":[{"href":"http:\/\/mickyandoniehn.com\/radio\/wp-json\/wp\/v2\/media?parent=52104"}],"wp:term":[{"taxonomy":"category","embeddable":true,"href":"http:\/\/mickyandoniehn.com\/radio\/wp-json\/wp\/v2\/categories?post=52104"},{"taxonomy":"post_tag","embeddable":true,"href":"http:\/\/mickyandoniehn.com\/radio\/wp-json\/wp\/v2\/tags?post=52104"}],"curies":[{"name":"wp","href":"https:\/\/api.w.org\/{rel}","templated":true}]}}