{"id":52102,"date":"2023-03-07T14:12:54","date_gmt":"2023-03-07T20:12:54","guid":{"rendered":"http:\/\/mickyandoniehn.com\/radio\/2023\/03\/07\/el-mejor-cafe-paraiseno-es-de-los-planes-trojes\/"},"modified":"2023-03-07T14:12:54","modified_gmt":"2023-03-07T20:12:54","slug":"el-mejor-cafe-paraiseno-es-de-los-planes-trojes","status":"publish","type":"post","link":"http:\/\/mickyandoniehn.com\/radio\/2023\/03\/07\/el-mejor-cafe-paraiseno-es-de-los-planes-trojes\/","title":{"rendered":"El mejor caf\u00e9 paraise\u00f1o es de Los Planes, Trojes"},"content":{"rendered":"<\/p>\n<p><strong>Los Planes, Trojes, El Para\u00edso<\/strong><\/p>\n<p>Un lote de la aldea de Los Planes, Trojes, El Para\u00edso, se qued\u00f3 con el primer lugar en una competencia de caf\u00e9s especiales celebrada ayer en el oriente hondure\u00f1o con la participaci\u00f3n de jueces y compradores internacionales.<\/p>\n<p>El concurso se llev\u00f3 a cabo en el Centro Regional del Instituto Hondure\u00f1o del Caf\u00e9 (Ihcaf\u00e9), \u201cFredy Espinoza Mondrag\u00f3n\u201d, en el municipio de El Para\u00edso, departamento del mismo nombre.<\/p>\n<p>El lote de Valent\u00edn Avilez, que obtuvo el primer puesto, sac\u00f3 un puntaje de 90.25 por ciento de calidad en la categor\u00eda de \u201cProceso Natural\u201d; el segundo lugar fue para \u00d3scar Ram\u00edrez, de la aldea Las Delicias, Matazano; y en la tercera posici\u00f3n se coloc\u00f3 Yesenia Matamoros, del poblado Joya Grande, Morocel\u00ed.<\/p>\n<p>En la II Edici\u00f3n de la Competencia de \u201cCaf\u00e9s Especiales de El Para\u00edso\u201d, sobresali\u00f3 la variedad \u201cParainema\u201d. Se cont\u00f3 con un panel mixto de jueces nacionales e internacionales, liderado por Rony G\u00e1mez de RAGA Coffee y los compradores Pil Hoon Seu de Corea del Sur y Leonor Xiao de Canasta Coffee de China.<\/p>\n<div class=\"fs-dynamic\"><\/div>\n<p>Pil Hoon agradeci\u00f3 a los participantes por su trabajo dedicado y prometi\u00f3 seguir promocionando a Honduras en el mercado coreano en el marco de las preferencias arancelarias que ofrece el Tratado de Libre Comercio entre ambos pa\u00edses.<\/p>\n<p>Fuente: latribuna.hn<\/p>\n<p>\u00a0<\/p>\n","protected":false},"excerpt":{"rendered":"<p>Los Planes, Trojes, El Para\u00edso Un lote de la aldea de Los Planes, Trojes, El Para\u00edso, se qued\u00f3 con el primer lugar en una competencia de caf\u00e9s especiales celebrada ayer en el oriente hondure\u00f1o con la participaci\u00f3n de jueces y compradores internacionales. El concurso se llev\u00f3 a cabo en el Centro Regional del Instituto Hondure\u00f1o &hellip;<\/p>\n","protected":false},"author":0,"featured_media":52103,"comment_status":"open","ping_status":"open","sticky":false,"template":"","format":"standard","meta":{"_jetpack_memberships_contains_paid_content":false,"footnotes":""},"categories":[5],"tags":[],"class_list":["post-52102","post","type-post","status-publish","format-standard","has-post-thumbnail","","category-noticias"],"jetpack_sharing_enabled":true,"jetpack_featured_media_url":"http:\/\/mickyandoniehn.com\/radio\/wp-content\/uploads\/2023\/03\/trojed-CjPIIe.jpeg","_links":{"self":[{"href":"http:\/\/mickyandoniehn.com\/radio\/wp-json\/wp\/v2\/posts\/52102","targetHints":{"allow":["GET"]}}],"collection":[{"href":"http:\/\/mickyandoniehn.com\/radio\/wp-json\/wp\/v2\/posts"}],"about":[{"href":"http:\/\/mickyandoniehn.com\/radio\/wp-json\/wp\/v2\/types\/post"}],"replies":[{"embeddable":true,"href":"http:\/\/mickyandoniehn.com\/radio\/wp-json\/wp\/v2\/comments?post=52102"}],"version-history":[{"count":0,"href":"http:\/\/mickyandoniehn.com\/radio\/wp-json\/wp\/v2\/posts\/52102\/revisions"}],"wp:featuredmedia":[{"embeddable":true,"href":"http:\/\/mickyandoniehn.com\/radio\/wp-json\/wp\/v2\/media\/52103"}],"wp:attachment":[{"href":"http:\/\/mickyandoniehn.com\/radio\/wp-json\/wp\/v2\/media?parent=52102"}],"wp:term":[{"taxonomy":"category","embeddable":true,"href":"http:\/\/mickyandoniehn.com\/radio\/wp-json\/wp\/v2\/categories?post=52102"},{"taxonomy":"post_tag","embeddable":true,"href":"http:\/\/mickyandoniehn.com\/radio\/wp-json\/wp\/v2\/tags?post=52102"}],"curies":[{"name":"wp","href":"https:\/\/api.w.org\/{rel}","templated":true}]}}