{"id":52078,"date":"2023-03-07T13:12:54","date_gmt":"2023-03-07T19:12:54","guid":{"rendered":"https:\/\/mickyandoniehn.com\/radio\/2023\/03\/07\/bomberos-y-pobladores-combaten-incendios-en-varios-frentes-forestales\/"},"modified":"2023-03-07T13:12:54","modified_gmt":"2023-03-07T19:12:54","slug":"bomberos-y-pobladores-combaten-incendios-en-varios-frentes-forestales","status":"publish","type":"post","link":"http:\/\/mickyandoniehn.com\/radio\/2023\/03\/07\/bomberos-y-pobladores-combaten-incendios-en-varios-frentes-forestales\/","title":{"rendered":"Bomberos y pobladores combaten incendios en varios frentes forestales"},"content":{"rendered":"<\/p>\n<p><em><strong>COMAYAGUA.<\/strong> <strong>07.03.2023<\/strong><\/em><\/p>\n<p>Varios incendios forestales ha combatido el Cuerpo de Bomberos de la excapital, en algunos con el apoyo de pobladores, como en la zona de la Cuesta de la Virgen, donde las labores mancomunadas evitaron que el fuego se extendiera a algunas viviendas.<\/p>\n<p>Los siniestros se han registrado, por ejemplo, en La Oki, zona monta\u00f1osa de Comayagua; en la Villa de San Antonio, en la CA-5 la Cuesta de la Virgen, donde se produjo un incendio forestal de grandes proporciones y los bombeos y lugare\u00f1os han trabajado arduamente para sofocar las llamas que se observaban desde la altura de Pozo Azul.<\/p>\n<p>El vocero del Cuerpo de Bomberos, el teniente Josu\u00e9 Garc\u00eda, inform\u00f3 a este rotativo \u201cque en Comayagua ya se registran varios incendios forestales y estructurales, esto es casi a nivel nacional, estos \u00faltimos d\u00edas, se han reportado\u201d.<\/p>\n<p>El domingo pasado, los bomberos se desplazaron al barrio Torond\u00f3n, donde se desat\u00f3 un incendio en una galera, donde corr\u00edan peligro de tomar fuego varios negocios y un edificio. Se control\u00f3 el avance del fuego por espacio de una hora y afortunadamente solo hubo da\u00f1os materiales.<\/p>\n<div class=\"fs-dynamic\">\n<div class=\"up-show\">\n<div class=\"ahover\">\n<div class=\"upo-label\">AD<\/div>\n<\/div>\n<\/div>\n<\/div>\n<p>Otro de los problemas son los veh\u00edculos abandonados, pues las altas temperaturas provocan incendios en los tanques de combustible. \u201cPara este verano estamos iniciando y los bomberos le piden a la poblaci\u00f3n colaborar con las quemas controladas y comunicarse al 911 por estas emergencias\u201d. (SZM)<\/p>\n<div class=\"w-[92vw] lg:w-[748px]\"><\/div>\n<p>Incendio a la altura del kil\u00f3metro 95 de la CA-5, zona de la Cuesta de la Virgen, donde varias viviendas estuvieron a punto de tomar fuego.<\/p>\n<div class=\"w-[92vw] lg:w-[748px]\"><\/div>\n<p>Un veh\u00edculo tom\u00f3 fuego en la colonia \u201c25 de Mayo\u201d, de Comayagua, a causa de las altas temperaturas que se registran en el pa\u00eds.<\/p>\n","protected":false},"excerpt":{"rendered":"<p>COMAYAGUA. 07.03.2023 Varios incendios forestales ha combatido el Cuerpo de Bomberos de la excapital, en algunos con el apoyo de pobladores, como en la zona de la Cuesta de la Virgen, donde las labores mancomunadas evitaron que el fuego se extendiera a algunas viviendas. Los siniestros se han registrado, por ejemplo, en La Oki, zona &hellip;<\/p>\n","protected":false},"author":0,"featured_media":52079,"comment_status":"open","ping_status":"open","sticky":false,"template":"","format":"standard","meta":{"_jetpack_memberships_contains_paid_content":false,"footnotes":""},"categories":[5],"tags":[],"class_list":["post-52078","post","type-post","status-publish","format-standard","has-post-thumbnail","","category-noticias"],"jetpack_sharing_enabled":true,"jetpack_featured_media_url":"http:\/\/mickyandoniehn.com\/radio\/wp-content\/uploads\/2023\/03\/COMAYAGUA-INCENDIO-FORESTAL-FNKS4l.jpeg","_links":{"self":[{"href":"http:\/\/mickyandoniehn.com\/radio\/wp-json\/wp\/v2\/posts\/52078","targetHints":{"allow":["GET"]}}],"collection":[{"href":"http:\/\/mickyandoniehn.com\/radio\/wp-json\/wp\/v2\/posts"}],"about":[{"href":"http:\/\/mickyandoniehn.com\/radio\/wp-json\/wp\/v2\/types\/post"}],"replies":[{"embeddable":true,"href":"http:\/\/mickyandoniehn.com\/radio\/wp-json\/wp\/v2\/comments?post=52078"}],"version-history":[{"count":0,"href":"http:\/\/mickyandoniehn.com\/radio\/wp-json\/wp\/v2\/posts\/52078\/revisions"}],"wp:featuredmedia":[{"embeddable":true,"href":"http:\/\/mickyandoniehn.com\/radio\/wp-json\/wp\/v2\/media\/52079"}],"wp:attachment":[{"href":"http:\/\/mickyandoniehn.com\/radio\/wp-json\/wp\/v2\/media?parent=52078"}],"wp:term":[{"taxonomy":"category","embeddable":true,"href":"http:\/\/mickyandoniehn.com\/radio\/wp-json\/wp\/v2\/categories?post=52078"},{"taxonomy":"post_tag","embeddable":true,"href":"http:\/\/mickyandoniehn.com\/radio\/wp-json\/wp\/v2\/tags?post=52078"}],"curies":[{"name":"wp","href":"https:\/\/api.w.org\/{rel}","templated":true}]}}