{"id":52076,"date":"2023-03-07T12:12:33","date_gmt":"2023-03-07T18:12:33","guid":{"rendered":"http:\/\/mickyandoniehn.com\/radio\/2023\/03\/07\/asignan-mas-de-l2-millones-a-proyectos-productivos\/"},"modified":"2023-03-07T12:12:33","modified_gmt":"2023-03-07T18:12:33","slug":"asignan-mas-de-l2-millones-a-proyectos-productivos","status":"publish","type":"post","link":"http:\/\/mickyandoniehn.com\/radio\/2023\/03\/07\/asignan-mas-de-l2-millones-a-proyectos-productivos\/","title":{"rendered":"Asignan m\u00e1s de L2 millones a proyectos productivos"},"content":{"rendered":"<p><strong>Tegucigalpa,Honduras martes 07 marzo 2023<\/strong><\/p>\n<\/p>\n<div class=\"lg:w-[996px] lg:mx-auto\">\n<div class=\"font-['Helvetica'] mt-4 lg:w-[748px] lg:text-[19px] lg:leading-[21.85px] lg:mx-auto \">\n<div class=\"flex flex-col space-y-6  overflow-hidden\">\n<p>Gracias al convenio de INA-Funder, se invierten m\u00e1s de dos millones en proyectos productivos en comercializaci\u00f3n de granos, ganado lechero, cr\u00eda de ovejas, diferentes cultivos, entre otros rubros, para siete empresas asociativas campesinas pertenecientes de la regional de la zona norte del pa\u00eds.<\/p>\n<p>Las empresas campesinas fueron seleccionadas por las diferentes federaciones, por orden del Instituto Nacional Agrario (INA), las cuales est\u00e1n encargadas de llevar cada proceso y avance.<\/p>\n<p>Las familias productoras y beneficiadas de los alrededores de San Pedro Sula se encuentran satisfechas por la entrega millonaria que recibieron.<\/p>\n<p>El agricultor sampedrano, Jorge P\u00e9rez, manifest\u00f3 que \u201cnos sentimos agradecidos con la Presidenta Xiomara Castro, tambi\u00e9n con las autoridades del INA, por tomarnos en cuenta y estar al servicio del campesinado\u201d.<\/p>\n<h3>DONAN HERRAMIENTAS<\/h3>\n<p>En este evento se favorecieron las organizaciones dirigidas por mujeres campesinas, con los planes agr\u00edcolas y a su vez recibieron una donaci\u00f3n de herramientas de campo por parte de la gobernadora del departamento de Cort\u00e9s, Alexa Sol\u00f3rzano.<\/p>\n<p>Por otra parte, se le dio el espacio a los presidentes de diferentes federaciones y empresas para presentar sus peticiones para que les solucionen sus problemas agrarios.<\/p>\n<p>El jefe del departamento de Proyectos adjunto a Reconversi\u00f3n Empresarial, Luis D\u00edaz, les respondi\u00f3 que \u201cnosotros, como INA-Central, estamos encargados a atenderles y solucionarles sus problemas, de igual forma estamos comprometidos en lograr la refundaci\u00f3n agraria de nuestro pa\u00eds, a trav\u00e9s de estos proyectos\u201d.<\/p>\n<p>Por otro lado, la mesa principal fue conformada por el jefe regional de INA-SPS, V\u00edctor Ord\u00f3\u00f1ez; los ingenieros agr\u00f3nomos del Departamento de Proyectos de INA-Central, Luis D\u00edaz y Atilio Barahona; el asesor de Funder, Gerson Argueta, juntamente con la gobernadora de Cort\u00e9s, Alexa Sol\u00f3rzano.<\/p>\n<p>La actividad se llev\u00f3 a cabo bajo las directrices de la Presidenta y de las autoridades del Instituto Agrario, Francisco F\u00fanez y Rafael Alegr\u00eda, con los fondos de dicha instituci\u00f3n en conjunto con el apoyo t\u00e9cnico y administrativo de la Fundaci\u00f3n para el Desarrollo Empresarial Rural (Funder), que est\u00e1n de la mano por la lucha de la seguridad alimentaria de la poblaci\u00f3n hondure\u00f1a<\/p>\n<\/div>\n<\/div>\n<\/div>\n<p><strong>Fuente: La Prensa<\/strong><\/p>\n","protected":false},"excerpt":{"rendered":"<p>Tegucigalpa,Honduras martes 07 marzo 2023 Gracias al convenio de INA-Funder, se invierten m\u00e1s de dos millones en proyectos productivos en comercializaci\u00f3n de granos, ganado lechero, cr\u00eda de ovejas, diferentes cultivos, entre otros rubros, para siete empresas asociativas campesinas pertenecientes de la regional de la zona norte del pa\u00eds. Las empresas campesinas fueron seleccionadas por las &hellip;<\/p>\n","protected":false},"author":0,"featured_media":52077,"comment_status":"open","ping_status":"open","sticky":false,"template":"","format":"standard","meta":{"_jetpack_memberships_contains_paid_content":false,"footnotes":""},"categories":[5],"tags":[],"class_list":["post-52076","post","type-post","status-publish","format-standard","has-post-thumbnail","","category-noticias"],"jetpack_sharing_enabled":true,"jetpack_featured_media_url":"http:\/\/mickyandoniehn.com\/radio\/wp-content\/uploads\/2023\/03\/INA-PROYECTOS-1-qIJLiA.jpeg","_links":{"self":[{"href":"http:\/\/mickyandoniehn.com\/radio\/wp-json\/wp\/v2\/posts\/52076","targetHints":{"allow":["GET"]}}],"collection":[{"href":"http:\/\/mickyandoniehn.com\/radio\/wp-json\/wp\/v2\/posts"}],"about":[{"href":"http:\/\/mickyandoniehn.com\/radio\/wp-json\/wp\/v2\/types\/post"}],"replies":[{"embeddable":true,"href":"http:\/\/mickyandoniehn.com\/radio\/wp-json\/wp\/v2\/comments?post=52076"}],"version-history":[{"count":0,"href":"http:\/\/mickyandoniehn.com\/radio\/wp-json\/wp\/v2\/posts\/52076\/revisions"}],"wp:featuredmedia":[{"embeddable":true,"href":"http:\/\/mickyandoniehn.com\/radio\/wp-json\/wp\/v2\/media\/52077"}],"wp:attachment":[{"href":"http:\/\/mickyandoniehn.com\/radio\/wp-json\/wp\/v2\/media?parent=52076"}],"wp:term":[{"taxonomy":"category","embeddable":true,"href":"http:\/\/mickyandoniehn.com\/radio\/wp-json\/wp\/v2\/categories?post=52076"},{"taxonomy":"post_tag","embeddable":true,"href":"http:\/\/mickyandoniehn.com\/radio\/wp-json\/wp\/v2\/tags?post=52076"}],"curies":[{"name":"wp","href":"https:\/\/api.w.org\/{rel}","templated":true}]}}