{"id":51929,"date":"2023-03-04T15:12:36","date_gmt":"2023-03-04T21:12:36","guid":{"rendered":"http:\/\/mickyandoniehn.com\/radio\/2023\/03\/04\/sancion-en-suspenso-para-mourinho\/"},"modified":"2023-03-04T15:12:36","modified_gmt":"2023-03-04T21:12:36","slug":"sancion-en-suspenso-para-mourinho","status":"publish","type":"post","link":"http:\/\/mickyandoniehn.com\/radio\/2023\/03\/04\/sancion-en-suspenso-para-mourinho\/","title":{"rendered":"Sanci\u00f3n en suspenso para Mourinho"},"content":{"rendered":"<\/p>\n<p>Roma, Italia | AFP | s\u00e1bado 04\/03\/2023 \u2013 09:32 UTC-6 | 214 palabras<\/p>\n<p>El entrenador de la AS Roma Jos\u00e9 Mourinho podr\u00e1 finalmente sentarse en el banquillo contra la Juventus, el domingo, gracias a la congelaci\u00f3n provisional de su suspensi\u00f3n para dos partidos consecutivos tras su expulsi\u00f3n contra la Cremonese.<\/p>\n<p>El tribunal de apelaci\u00f3n de la Federaci\u00f3n Italiana de F\u00fatbol anunci\u00f3 una ampliaci\u00f3n de la investigaci\u00f3n sobre las condiciones de la expulsi\u00f3n del t\u00e9cnico luso, el martes en Cremona, y mientras tanto decret\u00f3 la suspensi\u00f3n de la aplicaci\u00f3n de la sanci\u00f3n. Una nueva audiencia examinar\u00e1 los hechos el pr\u00f3ximo viernes.<\/p>\n<p>Mourinho hab\u00eda recibido el mi\u00e9rcoles una multa de 10.000 euros y una suspensi\u00f3n de dos fechas luego de haber protestado ostensiblemente una decisi\u00f3n arbitral durante la sorprendente derrota de la Roma ante la Cremonese (2-1).<\/p>\n<p>La comisi\u00f3n de disciplina de la liga italiana inform\u00f3 asimismo que Mourinho entr\u00f3 en el vestuario de los \u00e1rbitros despu\u00e9s del partido \u00absin autorizaci\u00f3n\u00bb.<\/p>\n<p>Pero la Roma reclam\u00f3 una suspensi\u00f3n de la sanci\u00f3n al considerar, seg\u00fan los medios, que su t\u00e9cnico habr\u00eda sido provocado por el cuarto \u00e1rbitro.<\/p>\n<p>La Roma, en quinta posici\u00f3n en la Serie A, recibe el domingo en la 25\u00aa fecha de la Juventus, s\u00e9ptima a nueve puntos de los Giallorossi (clasificaci\u00f3n teniendo en cuenta su sanci\u00f3n de quince puntos por fraudes contables, contra la que interpuso recurso).<strong>\u00a0(AFP)<\/strong><\/p>\n<p><strong>Fuente: diariomas.hn<\/strong><\/p>\n","protected":false},"excerpt":{"rendered":"<p>Roma, Italia | AFP | s\u00e1bado 04\/03\/2023 \u2013 09:32 UTC-6 | 214 palabras El entrenador de la AS Roma Jos\u00e9 Mourinho podr\u00e1 finalmente sentarse en el banquillo contra la Juventus, el domingo, gracias a la congelaci\u00f3n provisional de su suspensi\u00f3n para dos partidos consecutivos tras su expulsi\u00f3n contra la Cremonese. El tribunal de apelaci\u00f3n de &hellip;<\/p>\n","protected":false},"author":0,"featured_media":51930,"comment_status":"open","ping_status":"open","sticky":false,"template":"","format":"standard","meta":{"_jetpack_memberships_contains_paid_content":false,"footnotes":""},"categories":[5],"tags":[],"class_list":["post-51929","post","type-post","status-publish","format-standard","has-post-thumbnail","","category-noticias"],"jetpack_sharing_enabled":true,"jetpack_featured_media_url":"http:\/\/mickyandoniehn.com\/radio\/wp-content\/uploads\/2023\/03\/mourinho-var-ddpV35.jpeg","_links":{"self":[{"href":"http:\/\/mickyandoniehn.com\/radio\/wp-json\/wp\/v2\/posts\/51929","targetHints":{"allow":["GET"]}}],"collection":[{"href":"http:\/\/mickyandoniehn.com\/radio\/wp-json\/wp\/v2\/posts"}],"about":[{"href":"http:\/\/mickyandoniehn.com\/radio\/wp-json\/wp\/v2\/types\/post"}],"replies":[{"embeddable":true,"href":"http:\/\/mickyandoniehn.com\/radio\/wp-json\/wp\/v2\/comments?post=51929"}],"version-history":[{"count":0,"href":"http:\/\/mickyandoniehn.com\/radio\/wp-json\/wp\/v2\/posts\/51929\/revisions"}],"wp:featuredmedia":[{"embeddable":true,"href":"http:\/\/mickyandoniehn.com\/radio\/wp-json\/wp\/v2\/media\/51930"}],"wp:attachment":[{"href":"http:\/\/mickyandoniehn.com\/radio\/wp-json\/wp\/v2\/media?parent=51929"}],"wp:term":[{"taxonomy":"category","embeddable":true,"href":"http:\/\/mickyandoniehn.com\/radio\/wp-json\/wp\/v2\/categories?post=51929"},{"taxonomy":"post_tag","embeddable":true,"href":"http:\/\/mickyandoniehn.com\/radio\/wp-json\/wp\/v2\/tags?post=51929"}],"curies":[{"name":"wp","href":"https:\/\/api.w.org\/{rel}","templated":true}]}}