{"id":51889,"date":"2023-03-04T10:12:44","date_gmt":"2023-03-04T16:12:44","guid":{"rendered":"https:\/\/mickyandoniehn.com\/radio\/2023\/03\/04\/muere-el-periodista-jose-rene-madrid-cruz\/"},"modified":"2023-03-04T10:12:44","modified_gmt":"2023-03-04T16:12:44","slug":"muere-el-periodista-jose-rene-madrid-cruz","status":"publish","type":"post","link":"http:\/\/mickyandoniehn.com\/radio\/2023\/03\/04\/muere-el-periodista-jose-rene-madrid-cruz\/","title":{"rendered":"Muere el periodista Jose Ren\u00e9 Madrid Cruz"},"content":{"rendered":"<\/p>\n<p><strong>San Pedro Sula. 04.03.2023<\/strong><\/p>\n<p>El gremio period\u00edstico, especialmente el de la zona norte de Honduras, se encuentra de luto, debido a que este viernes falleci\u00f3 del destacado periodista Jos\u00e9 Ren\u00e9 Madrid Cruz.<\/p>\n<p>Sus colegas de San Pedro Sula informaron que Madrid Cruz fue diagnosticado con c\u00e1ncer y libraba una dura batalla contra esa enfermedad que hoy acab\u00f3 con su vida.<\/p>\n<p>\u201cLuto en el periodismo de San Pedro Sula, muere ex presidente de los periodistas, Ren\u00e9 Madrid Cruz, v\u00edctima de c\u00e1ncer\u201d, informaronsus colegas a trav\u00e9s de redes sociales.<\/p>\n<p>Colegas y amigos se sumaron a las muestras de pesar por el deceso del comunicador que por muchos a\u00f1os fue el representante del Colegio de Periodistas de Honduras (CPH) en San Pedro Sula.<\/p>\n<p>Fuente: latribuna.hn<\/p>\n","protected":false},"excerpt":{"rendered":"<p>San Pedro Sula. 04.03.2023 El gremio period\u00edstico, especialmente el de la zona norte de Honduras, se encuentra de luto, debido a que este viernes falleci\u00f3 del destacado periodista Jos\u00e9 Ren\u00e9 Madrid Cruz. Sus colegas de San Pedro Sula informaron que Madrid Cruz fue diagnosticado con c\u00e1ncer y libraba una dura batalla contra esa enfermedad que &hellip;<\/p>\n","protected":false},"author":0,"featured_media":51890,"comment_status":"open","ping_status":"open","sticky":false,"template":"","format":"standard","meta":{"_jetpack_memberships_contains_paid_content":false,"footnotes":""},"categories":[5],"tags":[],"class_list":["post-51889","post","type-post","status-publish","format-standard","has-post-thumbnail","","category-noticias"],"jetpack_sharing_enabled":true,"jetpack_featured_media_url":"http:\/\/mickyandoniehn.com\/radio\/wp-content\/uploads\/2023\/03\/Jose-Rene-Madrid-Cruz-nlLKSC.jpeg","_links":{"self":[{"href":"http:\/\/mickyandoniehn.com\/radio\/wp-json\/wp\/v2\/posts\/51889","targetHints":{"allow":["GET"]}}],"collection":[{"href":"http:\/\/mickyandoniehn.com\/radio\/wp-json\/wp\/v2\/posts"}],"about":[{"href":"http:\/\/mickyandoniehn.com\/radio\/wp-json\/wp\/v2\/types\/post"}],"replies":[{"embeddable":true,"href":"http:\/\/mickyandoniehn.com\/radio\/wp-json\/wp\/v2\/comments?post=51889"}],"version-history":[{"count":0,"href":"http:\/\/mickyandoniehn.com\/radio\/wp-json\/wp\/v2\/posts\/51889\/revisions"}],"wp:featuredmedia":[{"embeddable":true,"href":"http:\/\/mickyandoniehn.com\/radio\/wp-json\/wp\/v2\/media\/51890"}],"wp:attachment":[{"href":"http:\/\/mickyandoniehn.com\/radio\/wp-json\/wp\/v2\/media?parent=51889"}],"wp:term":[{"taxonomy":"category","embeddable":true,"href":"http:\/\/mickyandoniehn.com\/radio\/wp-json\/wp\/v2\/categories?post=51889"},{"taxonomy":"post_tag","embeddable":true,"href":"http:\/\/mickyandoniehn.com\/radio\/wp-json\/wp\/v2\/tags?post=51889"}],"curies":[{"name":"wp","href":"https:\/\/api.w.org\/{rel}","templated":true}]}}