{"id":51885,"date":"2023-03-04T10:12:43","date_gmt":"2023-03-04T16:12:43","guid":{"rendered":"https:\/\/mickyandoniehn.com\/radio\/2023\/03\/04\/unah-tec-danli-y-udec-de-chile-instan-a-soluciones-locales-ante-crisis-ambiental\/"},"modified":"2023-03-04T10:12:43","modified_gmt":"2023-03-04T16:12:43","slug":"unah-tec-danli-y-udec-de-chile-instan-a-soluciones-locales-ante-crisis-ambiental","status":"publish","type":"post","link":"http:\/\/mickyandoniehn.com\/radio\/2023\/03\/04\/unah-tec-danli-y-udec-de-chile-instan-a-soluciones-locales-ante-crisis-ambiental\/","title":{"rendered":"UNAH-TEC Danl\u00ed y UdeC de Chile instan a soluciones locales ante crisis ambiental"},"content":{"rendered":"<\/p>\n<p><strong>Danl\u00ed, El Paraiso. 04.03.2023<\/strong><\/p>\n<p>La Universidad Nacional Aut\u00f3noma de Honduras UNAH-TEC Danl\u00ed y la Universidad de Concepci\u00f3n (UdeC), de Chile, desarrollaron un magistral conversatorio sobre las soluciones locales para preservar los ecosistemas ante las crisis globales del medio ambiente.<\/p>\n<p>Durante la actividad, docentes, investigadores, alcaldes y la representaci\u00f3n de la Mancomunidad de los Municipios del Norte de El Para\u00edso aportaron sus iniciativas de desarrollo.<\/p>\n<p>Desde la Universidad de Concepci\u00f3n de Chile, el doctor Jorge Rojas valor\u00f3 las alianzas hasta ahora logradas entre universidades y gobiernos municipales.<\/p>\n<p>Rojas destac\u00f3 la necesidad de \u201cvalorar lo que se tiene locamente en cuanto a naturaleza y ecosistema, las funciones de los ecosistemas como los bosques, agua, suelos productivos, aire y valorar la calidad de vida de sus habitantes\u201d.<\/p>\n<h3>FALTA M\u00c1S COMUNIDAD<\/h3>\n<div class=\"fs-dynamic\">\n<div class=\"up-show\">\n<div class=\"ahover\">\n<div class=\"upo-label\">AD<\/div>\n<\/div>\n<div>\n<div class=\"__fs-ancillary\">\n<div class=\"__fs-branding\"><\/div>\n<\/div>\n<\/div>\n<\/div>\n<\/div>\n<p>Lament\u00f3 que \u201clas crisis globales son ambientales y de consideraci\u00f3n de la vida, como en algunos lugares donde hay conflictos; la crisis global est\u00e1 exigiendo que exista m\u00e1s comunidad y las comunidades existen en las peque\u00f1as localidades\u2026\u201d.<\/p>\n<p>\u201c\u2026las grandes ciudades o metr\u00f3polis es lo m\u00e1s an\u00f3nimo que existe, nadie se conoce, puede haber violencia y nadie se preocupa; aqu\u00ed s\u00ed existen hasta m\u00e1s mancomunidades que son las asociaciones de los municipios y eso es una interrelaci\u00f3n en un mundo en crisis\u201d, indic\u00f3.<\/p>\n<p>Seg\u00fan el doctor, \u201cse puede dar m\u00e1s valor a lo que existe localmente y para eso existen las investigaciones y actividades que realizan las universidades, se debe agregar valor a lo que existe, yo lo denomino ecolog\u00eda de saberes, que es una interrelaci\u00f3n entre la ciencia y los conocimientos locales\u201d.<\/p>\n<p>Mencion\u00f3 que \u201cla gente sabe, por ejemplo, qu\u00e9 caracter\u00edsticas tiene su suelo o qu\u00e9 capacidades tiene, qu\u00e9 tipo de agua, d\u00f3nde nace y todo esto no se sabe en las grandes metr\u00f3polis\u201d.<\/p>\n<div class=\"fs-dynamic\">\n<div class=\"up-show\">\n<div class=\"ahover\">\n<div class=\"upo-label\">AD<\/div>\n<\/div>\n<div>\n<div class=\"__fs-ancillary\">\n<div class=\"__fs-branding\"><\/div>\n<\/div>\n<\/div>\n<\/div>\n<\/div>\n<p>\u201cAhora, los recursos ya no son renovables porque hay escasez de todos los recursos, se puede mejorar la calidad de vida a trav\u00e9s de mejores relaciones humanas\u201d, recomend\u00f3.<\/p>\n<div class=\"lg:w-[748px] lg:mx-auto\"><\/div>\n<h3>BUSCAR CONOCIMIENTO<\/h3>\n<p>El director ejecutivo de la Mancomunidad de los Municipios del Norte de El Para\u00edso (Manorpa), Jaime C\u00f3rdova, se\u00f1al\u00f3 que la preservaci\u00f3n de los recursos naturales \u201ces un tema de fuerte reflexi\u00f3n porque hemos estado creyendo que los problemas los vendr\u00e1n a solucionar de afuera\u201d.<\/p>\n<p>Consider\u00f3 que \u201cdebemos buscar el conocimiento, en este caso, a trav\u00e9s de la academia, para buscar soluciones desde nuestras localidades, dentro de nuestros municipios, y por ende, salir adelante ser\u00e1 dif\u00edcil por el tema de investigaci\u00f3n, reflexi\u00f3n y aplicar esas soluciones\u201d.<\/p>\n<p>A criterio de C\u00f3rdova, \u201chay mucho qu\u00e9 hacer en el tema de cambio clim\u00e1tico, corrupci\u00f3n, salud, tema educativo, pero aqu\u00ed es donde no debemos politizar y buscar las alianzas con la academia\u201d.<\/p>\n<div class=\"lg:w-[748px] lg:mx-auto\"><\/div>\n<div class=\"fs-dynamic\">\n<div class=\"up-show\">\n<div class=\"ahover\">\n<div class=\"upo-label\">AD<\/div>\n<\/div>\n<div>\n<div class=\"__fs-ancillary\">\n<div class=\"__fs-branding\"><\/div>\n<\/div>\n<\/div>\n<\/div>\n<\/div>\n<p><em><strong>DATOS<\/strong><\/em><br \/>\nEn la actualidad, la vicerrector\u00eda de la Universidad Nacional Aut\u00f3noma de Honduras (UNAH) trabaja para crear un convenio acad\u00e9mico e instalar un Doctorado en Ciencias Ambientales, con la colaboraci\u00f3n de la Universidad Concepci\u00f3n de Chile, a fin de unir conocimientos sobre ciencias ambientales, sociales, naturales, biolog\u00eda, qu\u00edmica, ingenier\u00eda, entre otras.<\/p>\n<div class=\"lg:w-[748px] lg:mx-auto\"><\/div>\n<p><em><strong>CON LA ACADEMIA<\/strong><\/em><br \/>\n<em><strong>LE APUESTAN A CONVENIOS<\/strong><\/em><br \/>\nEl director ejecutivo de la Mancomunidad de los Municipios del Norte de El Para\u00edso (Manorpa), Jaime C\u00f3rdova, inform\u00f3 que \u201cManorpa tiene alianzas en este momento con la Universidad de Catacamas, con dos diplomados que vamos a desarrollar en ganader\u00eda sostenible; caf\u00e9 con las UNAH-TEC para llevar capacitaci\u00f3n a las mujeres y equipos t\u00e9cnicos de las municipalidades\u201d.<\/p>\n<p>A\u00f1adi\u00f3 que \u201cestamos con la Polit\u00e9cnica y a punto de firmar un convenio con la Universidad Cat\u00f3lica, la academia\u2026 Las municipalidades se van a poder desarrollar con soluciones locales\u201d.<\/p>\n<p>\u00a0<\/p>\n<p>Fuente. latribuna.hn<\/p>\n","protected":false},"excerpt":{"rendered":"<p>Danl\u00ed, El Paraiso. 04.03.2023 La Universidad Nacional Aut\u00f3noma de Honduras UNAH-TEC Danl\u00ed y la Universidad de Concepci\u00f3n (UdeC), de Chile, desarrollaron un magistral conversatorio sobre las soluciones locales para preservar los ecosistemas ante las crisis globales del medio ambiente. Durante la actividad, docentes, investigadores, alcaldes y la representaci\u00f3n de la Mancomunidad de los Municipios del &hellip;<\/p>\n","protected":false},"author":0,"featured_media":51886,"comment_status":"open","ping_status":"open","sticky":false,"template":"","format":"standard","meta":{"_jetpack_memberships_contains_paid_content":false,"footnotes":""},"categories":[5],"tags":[],"class_list":["post-51885","post","type-post","status-publish","format-standard","has-post-thumbnail","","category-noticias"],"jetpack_sharing_enabled":true,"jetpack_featured_media_url":"http:\/\/mickyandoniehn.com\/radio\/wp-content\/uploads\/2023\/03\/UNAH-Y-UDEC-1-taZ0k8.jpeg","_links":{"self":[{"href":"http:\/\/mickyandoniehn.com\/radio\/wp-json\/wp\/v2\/posts\/51885","targetHints":{"allow":["GET"]}}],"collection":[{"href":"http:\/\/mickyandoniehn.com\/radio\/wp-json\/wp\/v2\/posts"}],"about":[{"href":"http:\/\/mickyandoniehn.com\/radio\/wp-json\/wp\/v2\/types\/post"}],"replies":[{"embeddable":true,"href":"http:\/\/mickyandoniehn.com\/radio\/wp-json\/wp\/v2\/comments?post=51885"}],"version-history":[{"count":0,"href":"http:\/\/mickyandoniehn.com\/radio\/wp-json\/wp\/v2\/posts\/51885\/revisions"}],"wp:featuredmedia":[{"embeddable":true,"href":"http:\/\/mickyandoniehn.com\/radio\/wp-json\/wp\/v2\/media\/51886"}],"wp:attachment":[{"href":"http:\/\/mickyandoniehn.com\/radio\/wp-json\/wp\/v2\/media?parent=51885"}],"wp:term":[{"taxonomy":"category","embeddable":true,"href":"http:\/\/mickyandoniehn.com\/radio\/wp-json\/wp\/v2\/categories?post=51885"},{"taxonomy":"post_tag","embeddable":true,"href":"http:\/\/mickyandoniehn.com\/radio\/wp-json\/wp\/v2\/tags?post=51885"}],"curies":[{"name":"wp","href":"https:\/\/api.w.org\/{rel}","templated":true}]}}