{"id":51457,"date":"2023-02-26T07:12:54","date_gmt":"2023-02-26T13:12:54","guid":{"rendered":"https:\/\/mickyandoniehn.com\/radio\/2023\/02\/26\/la-tropas-rusas-intensifican-sus-ataques-en-el-este-de-ucrania\/"},"modified":"2023-02-26T07:12:54","modified_gmt":"2023-02-26T13:12:54","slug":"la-tropas-rusas-intensifican-sus-ataques-en-el-este-de-ucrania","status":"publish","type":"post","link":"http:\/\/mickyandoniehn.com\/radio\/2023\/02\/26\/la-tropas-rusas-intensifican-sus-ataques-en-el-este-de-ucrania\/","title":{"rendered":"La tropas rusas intensifican sus ataques en el este de Ucrania"},"content":{"rendered":"<p><strong>Tegucigalpa,Honduras domingo \u00a026 \u00a0 febrero 2023<\/strong><\/p>\n<\/p>\n<p>Las tropas rusas han intensificado sus ataques, especialmente con el empleo de aviaci\u00f3n y artiller\u00eda, en los frentes del este de Ucrania, seg\u00fan el parte emitido este s\u00e1bado por el Ministerio de Defensa de Rusia, que inform\u00f3 de cerca de 450 bajas, entre muertos y heridos, en las filas ucranianas.<\/p>\n<p>En el eje de Lim\u00e1n, en las autoproclamadas rep\u00fablicas populares de Donetsk y Luganss, las fuerzas de la agrupaci\u00f3n Centro atacaron con aviaci\u00f3n de asalto, artiller\u00eda y sistemas lanzallamas posiciones de las tropas ucranianas junto a varias localidades.<\/p>\n<p>\u201cEn este sector fueron aniquilados cerca de 180 militares ucranianos\u201d, dijo el portavoz del ministerio de Defensa ruso, teniente general \u00cdgor Konash\u00e9nkov.<\/p>\n<p>A\u00f1adi\u00f3 que fueron destruidos seis veh\u00edculos, una lanzandera de misiles de bocas m\u00faltiples Grad, un ob\u00fas y un radar de lucha contrabater\u00eda.<\/p>\n<p>Konash\u00e9nkov indic\u00f3 que en el frente de Kupiansk, que abarca parte las regiones de J\u00e1rkov y Lugansk, la artiller\u00eda rusa castig\u00f3 las posiciones de las fuerzas ucranianas en una serie de localidades, causando hasta 60 bajas, entre muertos y heridos.<\/p>\n<p>En esa zona, dijo el portavoz ruso, las tropas ucranianas perdieron adem\u00e1s tres camionetas, un sistema de artiller\u00eda M777 de fabricaci\u00f3n estadounidense y un ca\u00f1\u00f3n autopropulsado polaco Krab.<\/p>\n<p>Agreg\u00f3 que en el frente de Donetsk, m\u00e1s al sur, las fuerzas ucranianas sufrieron m\u00e1s de 120 muertos causa del fuego de artiller\u00eda y los ataque de la aviaci\u00f3n de asalto la<\/p>\n<p>De acuerdo con Konash\u00e9nkov, las tropas ucranianas perdieron otros 90 efectivos en el sur de la regi\u00f3n de Donetsk y en la vecina Zaporiyia.<\/p>\n<p>El general ruso no inform\u00f3 de avances sobre el terreno ni comunic\u00f3 el n\u00famero de bajas propias.<\/p>\n<p>La \u00faltima cifra oficial que dio Rusia sobre el n\u00famero de soldados ca\u00eddos en Ucrania fue en septiembre.<\/p>\n<p>Entonces, el ministro de Defensa ruso, Sergu\u00e9i Shoig\u00fa, inform\u00f3 de 5.937 muertos en las filas rusas.<\/p>\n<p>Seg\u00fan el recuento del medio independiente Mediazona y el servicio en ruso de la cadena de televisi\u00f3n brit\u00e1nica BBC, m\u00e1s de 15.000 soldados rusos murieron en Ucrania en los \u00faltimos doce meses, m\u00e1s que los reconocidos oficialmente por Mosc\u00fa en la guerra de casi diez a\u00f1os en Afganist\u00e1n.<\/p>\n<p><strong>Fuente:La Tribuna<\/strong><\/p>\n","protected":false},"excerpt":{"rendered":"<p>Tegucigalpa,Honduras domingo \u00a026 \u00a0 febrero 2023 Las tropas rusas han intensificado sus ataques, especialmente con el empleo de aviaci\u00f3n y artiller\u00eda, en los frentes del este de Ucrania, seg\u00fan el parte emitido este s\u00e1bado por el Ministerio de Defensa de Rusia, que inform\u00f3 de cerca de 450 bajas, entre muertos y heridos, en las filas &hellip;<\/p>\n","protected":false},"author":0,"featured_media":51458,"comment_status":"open","ping_status":"open","sticky":false,"template":"","format":"standard","meta":{"_jetpack_memberships_contains_paid_content":false,"footnotes":""},"categories":[5],"tags":[],"class_list":["post-51457","post","type-post","status-publish","format-standard","has-post-thumbnail","","category-noticias"],"jetpack_sharing_enabled":true,"jetpack_featured_media_url":"http:\/\/mickyandoniehn.com\/radio\/wp-content\/uploads\/2023\/02\/ucrania-guerra-aniversario-wA1knz.jpeg","_links":{"self":[{"href":"http:\/\/mickyandoniehn.com\/radio\/wp-json\/wp\/v2\/posts\/51457","targetHints":{"allow":["GET"]}}],"collection":[{"href":"http:\/\/mickyandoniehn.com\/radio\/wp-json\/wp\/v2\/posts"}],"about":[{"href":"http:\/\/mickyandoniehn.com\/radio\/wp-json\/wp\/v2\/types\/post"}],"replies":[{"embeddable":true,"href":"http:\/\/mickyandoniehn.com\/radio\/wp-json\/wp\/v2\/comments?post=51457"}],"version-history":[{"count":0,"href":"http:\/\/mickyandoniehn.com\/radio\/wp-json\/wp\/v2\/posts\/51457\/revisions"}],"wp:featuredmedia":[{"embeddable":true,"href":"http:\/\/mickyandoniehn.com\/radio\/wp-json\/wp\/v2\/media\/51458"}],"wp:attachment":[{"href":"http:\/\/mickyandoniehn.com\/radio\/wp-json\/wp\/v2\/media?parent=51457"}],"wp:term":[{"taxonomy":"category","embeddable":true,"href":"http:\/\/mickyandoniehn.com\/radio\/wp-json\/wp\/v2\/categories?post=51457"},{"taxonomy":"post_tag","embeddable":true,"href":"http:\/\/mickyandoniehn.com\/radio\/wp-json\/wp\/v2\/tags?post=51457"}],"curies":[{"name":"wp","href":"https:\/\/api.w.org\/{rel}","templated":true}]}}