{"id":50955,"date":"2026-02-08T08:12:50","date_gmt":"2026-02-08T14:12:50","guid":{"rendered":"https:\/\/mickyandoniehn.com\/radio\/?p=50955"},"modified":"2025-06-12T14:23:17","modified_gmt":"2025-06-12T20:23:17","slug":"8-de-febrero-de-1973-max-yasgur-murio-de-un-infarto-a-los-53-anos-era-el-propietario-de-la-granja-lechera-en-bethel-nueva-york-en-la-que-se-llevo-a-cabo-la-feria-de-musica-y-arte-de-woodstock-entr","status":"publish","type":"post","link":"http:\/\/mickyandoniehn.com\/radio\/2026\/02\/08\/8-de-febrero-de-1973-max-yasgur-murio-de-un-infarto-a-los-53-anos-era-el-propietario-de-la-granja-lechera-en-bethel-nueva-york-en-la-que-se-llevo-a-cabo-la-feria-de-musica-y-arte-de-woodstock-entr\/","title":{"rendered":"8 de febrero de 1973. Max Yasgur muri\u00f3 de un infarto a los 53 a\u00f1os. Era el propietario de la granja lechera en Bethel, Nueva York, en la que se llev\u00f3 a cabo la Feria de M\u00fasica y Arte de Woodstock entre el 15 y el 18 de agosto de 1969."},"content":{"rendered":"<p><img loading=\"lazy\" decoding=\"async\" class=\" wp-image-50919 aligncenter\" src=\"http:\/\/mickyandoniehn.com\/radio\/wp-content\/uploads\/2023\/02\/5-13-300x296.jpg\" alt=\"\" width=\"639\" height=\"630\" srcset=\"http:\/\/mickyandoniehn.com\/radio\/wp-content\/uploads\/2023\/02\/5-13-300x296.jpg 300w, http:\/\/mickyandoniehn.com\/radio\/wp-content\/uploads\/2023\/02\/5-13.jpg 492w\" sizes=\"auto, (max-width: 639px) 100vw, 639px\" \/><\/p>\n","protected":false},"excerpt":{"rendered":"","protected":false},"author":1,"featured_media":50918,"comment_status":"open","ping_status":"open","sticky":false,"template":"","format":"standard","meta":{"_jetpack_memberships_contains_paid_content":false,"footnotes":""},"categories":[18],"tags":[],"class_list":["post-50955","post","type-post","status-publish","format-standard","has-post-thumbnail","","category-un-dia-como-hoy-en-la-historia-de-la-musica"],"jetpack_sharing_enabled":true,"jetpack_featured_media_url":"http:\/\/mickyandoniehn.com\/radio\/wp-content\/uploads\/2023\/02\/5.5-5.jpg","_links":{"self":[{"href":"http:\/\/mickyandoniehn.com\/radio\/wp-json\/wp\/v2\/posts\/50955","targetHints":{"allow":["GET"]}}],"collection":[{"href":"http:\/\/mickyandoniehn.com\/radio\/wp-json\/wp\/v2\/posts"}],"about":[{"href":"http:\/\/mickyandoniehn.com\/radio\/wp-json\/wp\/v2\/types\/post"}],"author":[{"embeddable":true,"href":"http:\/\/mickyandoniehn.com\/radio\/wp-json\/wp\/v2\/users\/1"}],"replies":[{"embeddable":true,"href":"http:\/\/mickyandoniehn.com\/radio\/wp-json\/wp\/v2\/comments?post=50955"}],"version-history":[{"count":1,"href":"http:\/\/mickyandoniehn.com\/radio\/wp-json\/wp\/v2\/posts\/50955\/revisions"}],"predecessor-version":[{"id":50956,"href":"http:\/\/mickyandoniehn.com\/radio\/wp-json\/wp\/v2\/posts\/50955\/revisions\/50956"}],"wp:featuredmedia":[{"embeddable":true,"href":"http:\/\/mickyandoniehn.com\/radio\/wp-json\/wp\/v2\/media\/50918"}],"wp:attachment":[{"href":"http:\/\/mickyandoniehn.com\/radio\/wp-json\/wp\/v2\/media?parent=50955"}],"wp:term":[{"taxonomy":"category","embeddable":true,"href":"http:\/\/mickyandoniehn.com\/radio\/wp-json\/wp\/v2\/categories?post=50955"},{"taxonomy":"post_tag","embeddable":true,"href":"http:\/\/mickyandoniehn.com\/radio\/wp-json\/wp\/v2\/tags?post=50955"}],"curies":[{"name":"wp","href":"https:\/\/api.w.org\/{rel}","templated":true}]}}