{"id":50874,"date":"2026-02-07T11:38:27","date_gmt":"2026-02-07T17:38:27","guid":{"rendered":"https:\/\/mickyandoniehn.com\/radio\/?p=50874"},"modified":"2025-06-12T14:11:24","modified_gmt":"2025-06-12T20:11:24","slug":"7-de-febrero-de-1992-jeanne-louise-galice-mas-conocida-como-jain-nacio-un-dia-como-hoy-en-1992-por-lo-que-hoy-cumple-31-anos-jain-es-una-cantautora-francesa-que-ha-lanzado-dos-albumes-su-debut-z","status":"publish","type":"post","link":"http:\/\/mickyandoniehn.com\/radio\/2026\/02\/07\/7-de-febrero-de-1992-jeanne-louise-galice-mas-conocida-como-jain-nacio-un-dia-como-hoy-en-1992-por-lo-que-hoy-cumple-31-anos-jain-es-una-cantautora-francesa-que-ha-lanzado-dos-albumes-su-debut-z\/","title":{"rendered":"7 de febrero de 1992. Jeanne Louise Galice (m\u00e1s conocida como Jain) naci\u00f3 un d\u00eda como hoy en 1992, por lo que hoy cumple 31 a\u00f1os. Jain es una cantautora francesa que ha lanzado dos \u00e1lbumes: su debut Zanaka, lanzado en noviembre de 2015 y su segundo, Souldier, lanzado en agosto de 2018."},"content":{"rendered":"<p><img loading=\"lazy\" decoding=\"async\" class=\" wp-image-50881 aligncenter\" src=\"http:\/\/mickyandoniehn.com\/radio\/wp-content\/uploads\/2023\/02\/1-12-241x300.jpg\" alt=\"\" width=\"430\" height=\"535\" srcset=\"http:\/\/mickyandoniehn.com\/radio\/wp-content\/uploads\/2023\/02\/1-12-241x300.jpg 241w, http:\/\/mickyandoniehn.com\/radio\/wp-content\/uploads\/2023\/02\/1-12.jpg 526w\" sizes=\"auto, (max-width: 430px) 100vw, 430px\" \/><\/p>\n","protected":false},"excerpt":{"rendered":"","protected":false},"author":1,"featured_media":50880,"comment_status":"open","ping_status":"open","sticky":false,"template":"","format":"standard","meta":{"_jetpack_memberships_contains_paid_content":false,"footnotes":""},"categories":[18],"tags":[],"class_list":["post-50874","post","type-post","status-publish","format-standard","has-post-thumbnail","","category-un-dia-como-hoy-en-la-historia-de-la-musica"],"jetpack_sharing_enabled":true,"jetpack_featured_media_url":"http:\/\/mickyandoniehn.com\/radio\/wp-content\/uploads\/2023\/02\/1.1-4.jpg","_links":{"self":[{"href":"http:\/\/mickyandoniehn.com\/radio\/wp-json\/wp\/v2\/posts\/50874","targetHints":{"allow":["GET"]}}],"collection":[{"href":"http:\/\/mickyandoniehn.com\/radio\/wp-json\/wp\/v2\/posts"}],"about":[{"href":"http:\/\/mickyandoniehn.com\/radio\/wp-json\/wp\/v2\/types\/post"}],"author":[{"embeddable":true,"href":"http:\/\/mickyandoniehn.com\/radio\/wp-json\/wp\/v2\/users\/1"}],"replies":[{"embeddable":true,"href":"http:\/\/mickyandoniehn.com\/radio\/wp-json\/wp\/v2\/comments?post=50874"}],"version-history":[{"count":1,"href":"http:\/\/mickyandoniehn.com\/radio\/wp-json\/wp\/v2\/posts\/50874\/revisions"}],"predecessor-version":[{"id":50894,"href":"http:\/\/mickyandoniehn.com\/radio\/wp-json\/wp\/v2\/posts\/50874\/revisions\/50894"}],"wp:featuredmedia":[{"embeddable":true,"href":"http:\/\/mickyandoniehn.com\/radio\/wp-json\/wp\/v2\/media\/50880"}],"wp:attachment":[{"href":"http:\/\/mickyandoniehn.com\/radio\/wp-json\/wp\/v2\/media?parent=50874"}],"wp:term":[{"taxonomy":"category","embeddable":true,"href":"http:\/\/mickyandoniehn.com\/radio\/wp-json\/wp\/v2\/categories?post=50874"},{"taxonomy":"post_tag","embeddable":true,"href":"http:\/\/mickyandoniehn.com\/radio\/wp-json\/wp\/v2\/tags?post=50874"}],"curies":[{"name":"wp","href":"https:\/\/api.w.org\/{rel}","templated":true}]}}