{"id":50872,"date":"2026-02-06T11:37:47","date_gmt":"2026-02-06T17:37:47","guid":{"rendered":"https:\/\/mickyandoniehn.com\/radio\/?p=50872"},"modified":"2025-06-11T17:33:09","modified_gmt":"2025-06-11T23:33:09","slug":"6-de-febrero-de-1990-billy-idol-sufrio-heridas-graves-cuando-no-se-detuvo-en-una-senal-de-alto-y-estrello-su-harley-contra-un-automovil","status":"publish","type":"post","link":"http:\/\/mickyandoniehn.com\/radio\/2026\/02\/06\/6-de-febrero-de-1990-billy-idol-sufrio-heridas-graves-cuando-no-se-detuvo-en-una-senal-de-alto-y-estrello-su-harley-contra-un-automovil\/","title":{"rendered":"6 de febrero de 1990. Billy Idol sufri\u00f3 heridas graves cuando no se detuvo en una se\u00f1al de alto y estrell\u00f3 su Harley contra un autom\u00f3vil."},"content":{"rendered":"<p><img loading=\"lazy\" decoding=\"async\" class=\" wp-image-50843 aligncenter\" src=\"http:\/\/mickyandoniehn.com\/radio\/wp-content\/uploads\/2023\/02\/6-10-252x300.jpg\" alt=\"\" width=\"492\" height=\"586\" srcset=\"http:\/\/mickyandoniehn.com\/radio\/wp-content\/uploads\/2023\/02\/6-10-252x300.jpg 252w, http:\/\/mickyandoniehn.com\/radio\/wp-content\/uploads\/2023\/02\/6-10.jpg 554w\" sizes=\"auto, (max-width: 492px) 100vw, 492px\" \/><\/p>\n","protected":false},"excerpt":{"rendered":"","protected":false},"author":1,"featured_media":50842,"comment_status":"open","ping_status":"open","sticky":false,"template":"","format":"standard","meta":{"_jetpack_memberships_contains_paid_content":false,"footnotes":""},"categories":[18],"tags":[],"class_list":["post-50872","post","type-post","status-publish","format-standard","has-post-thumbnail","","category-un-dia-como-hoy-en-la-historia-de-la-musica"],"jetpack_sharing_enabled":true,"jetpack_featured_media_url":"http:\/\/mickyandoniehn.com\/radio\/wp-content\/uploads\/2023\/02\/6.6-3.jpg","_links":{"self":[{"href":"http:\/\/mickyandoniehn.com\/radio\/wp-json\/wp\/v2\/posts\/50872","targetHints":{"allow":["GET"]}}],"collection":[{"href":"http:\/\/mickyandoniehn.com\/radio\/wp-json\/wp\/v2\/posts"}],"about":[{"href":"http:\/\/mickyandoniehn.com\/radio\/wp-json\/wp\/v2\/types\/post"}],"author":[{"embeddable":true,"href":"http:\/\/mickyandoniehn.com\/radio\/wp-json\/wp\/v2\/users\/1"}],"replies":[{"embeddable":true,"href":"http:\/\/mickyandoniehn.com\/radio\/wp-json\/wp\/v2\/comments?post=50872"}],"version-history":[{"count":1,"href":"http:\/\/mickyandoniehn.com\/radio\/wp-json\/wp\/v2\/posts\/50872\/revisions"}],"predecessor-version":[{"id":50873,"href":"http:\/\/mickyandoniehn.com\/radio\/wp-json\/wp\/v2\/posts\/50872\/revisions\/50873"}],"wp:featuredmedia":[{"embeddable":true,"href":"http:\/\/mickyandoniehn.com\/radio\/wp-json\/wp\/v2\/media\/50842"}],"wp:attachment":[{"href":"http:\/\/mickyandoniehn.com\/radio\/wp-json\/wp\/v2\/media?parent=50872"}],"wp:term":[{"taxonomy":"category","embeddable":true,"href":"http:\/\/mickyandoniehn.com\/radio\/wp-json\/wp\/v2\/categories?post=50872"},{"taxonomy":"post_tag","embeddable":true,"href":"http:\/\/mickyandoniehn.com\/radio\/wp-json\/wp\/v2\/tags?post=50872"}],"curies":[{"name":"wp","href":"https:\/\/api.w.org\/{rel}","templated":true}]}}