{"id":50862,"date":"2026-02-06T11:33:20","date_gmt":"2026-02-06T17:33:20","guid":{"rendered":"https:\/\/mickyandoniehn.com\/radio\/?p=50862"},"modified":"2025-06-11T17:32:28","modified_gmt":"2025-06-11T23:32:28","slug":"6-de-febrero-de-2016-dan-hicks-mejor-conocido-como-el-musico-principal-y-fundador-de-la-banda-acustica-de-los-setenta-hicks-and-his-hot-licks-murio-a-la-edad-de-74-anos-despues-de-sufrir-cancer-de","status":"publish","type":"post","link":"http:\/\/mickyandoniehn.com\/radio\/2026\/02\/06\/6-de-febrero-de-2016-dan-hicks-mejor-conocido-como-el-musico-principal-y-fundador-de-la-banda-acustica-de-los-setenta-hicks-and-his-hot-licks-murio-a-la-edad-de-74-anos-despues-de-sufrir-cancer-de\/","title":{"rendered":"6 de febrero de 2016. Dan Hicks, mejor conocido como el m\u00fasico principal y fundador de la banda ac\u00fastica de los setenta Hicks and His Hot Licks, muri\u00f3 a la edad de 74 a\u00f1os despu\u00e9s de sufrir c\u00e1ncer de garganta y de h\u00edgado."},"content":{"rendered":"<p><img loading=\"lazy\" decoding=\"async\" class=\" wp-image-50856 aligncenter\" src=\"http:\/\/mickyandoniehn.com\/radio\/wp-content\/uploads\/2023\/02\/9-7-277x300.jpg\" alt=\"\" width=\"509\" height=\"551\" srcset=\"http:\/\/mickyandoniehn.com\/radio\/wp-content\/uploads\/2023\/02\/9-7-277x300.jpg 277w, http:\/\/mickyandoniehn.com\/radio\/wp-content\/uploads\/2023\/02\/9-7.jpg 533w\" sizes=\"auto, (max-width: 509px) 100vw, 509px\" \/><\/p>\n","protected":false},"excerpt":{"rendered":"","protected":false},"author":1,"featured_media":50855,"comment_status":"open","ping_status":"open","sticky":false,"template":"","format":"standard","meta":{"_jetpack_memberships_contains_paid_content":false,"footnotes":""},"categories":[18],"tags":[],"class_list":["post-50862","post","type-post","status-publish","format-standard","has-post-thumbnail","","category-un-dia-como-hoy-en-la-historia-de-la-musica"],"jetpack_sharing_enabled":true,"jetpack_featured_media_url":"http:\/\/mickyandoniehn.com\/radio\/wp-content\/uploads\/2023\/02\/9.9-2.jpg","_links":{"self":[{"href":"http:\/\/mickyandoniehn.com\/radio\/wp-json\/wp\/v2\/posts\/50862","targetHints":{"allow":["GET"]}}],"collection":[{"href":"http:\/\/mickyandoniehn.com\/radio\/wp-json\/wp\/v2\/posts"}],"about":[{"href":"http:\/\/mickyandoniehn.com\/radio\/wp-json\/wp\/v2\/types\/post"}],"author":[{"embeddable":true,"href":"http:\/\/mickyandoniehn.com\/radio\/wp-json\/wp\/v2\/users\/1"}],"replies":[{"embeddable":true,"href":"http:\/\/mickyandoniehn.com\/radio\/wp-json\/wp\/v2\/comments?post=50862"}],"version-history":[{"count":1,"href":"http:\/\/mickyandoniehn.com\/radio\/wp-json\/wp\/v2\/posts\/50862\/revisions"}],"predecessor-version":[{"id":50863,"href":"http:\/\/mickyandoniehn.com\/radio\/wp-json\/wp\/v2\/posts\/50862\/revisions\/50863"}],"wp:featuredmedia":[{"embeddable":true,"href":"http:\/\/mickyandoniehn.com\/radio\/wp-json\/wp\/v2\/media\/50855"}],"wp:attachment":[{"href":"http:\/\/mickyandoniehn.com\/radio\/wp-json\/wp\/v2\/media?parent=50862"}],"wp:term":[{"taxonomy":"category","embeddable":true,"href":"http:\/\/mickyandoniehn.com\/radio\/wp-json\/wp\/v2\/categories?post=50862"},{"taxonomy":"post_tag","embeddable":true,"href":"http:\/\/mickyandoniehn.com\/radio\/wp-json\/wp\/v2\/tags?post=50862"}],"curies":[{"name":"wp","href":"https:\/\/api.w.org\/{rel}","templated":true}]}}