{"id":50138,"date":"2023-02-15T08:12:49","date_gmt":"2023-02-15T14:12:49","guid":{"rendered":"http:\/\/mickyandoniehn.com\/radio\/2023\/02\/15\/cooperacion-espanola-y-unicef-ofrecen-escuelas-seguras-en-norte-de-honduras-2\/"},"modified":"2023-02-15T08:12:49","modified_gmt":"2023-02-15T14:12:49","slug":"cooperacion-espanola-y-unicef-ofrecen-escuelas-seguras-en-norte-de-honduras-2","status":"publish","type":"post","link":"http:\/\/mickyandoniehn.com\/radio\/2023\/02\/15\/cooperacion-espanola-y-unicef-ofrecen-escuelas-seguras-en-norte-de-honduras-2\/","title":{"rendered":"Cooperaci\u00f3n Espa\u00f1ola y Unicef ofrecen escuelas seguras en norte de Honduras"},"content":{"rendered":"<p><strong>Tegucigalpa Honduras mi\u00e9rcoles 15 febrero \u00a02023<\/strong><\/p>\n<\/p>\n<p>La Agencia Espa\u00f1ola de Cooperaci\u00f3n Internacional para el Desarrollo (Aecid) y el Fondo de las Naciones Unidas para la Infancia (Unicef), entregaron esta semana 51 centros educativos rehabilitados en tres departamentos del norte de Honduras afectados hace dos a\u00f1os por las tormentas tropicales Eta e Iota.<\/p>\n<p>As\u00ed lo inform\u00f3 este viernes la Aecid en un comunicado, en el que adem\u00e1s se\u00f1al\u00f3 que la asistencia se ha coordinado con los \u00absocios implementadores\u00bb Save the Children y ADRA (Agencia Adventista para el Desarrollo y Recursos Asistenciales).<\/p>\n<p>\u00abEl objetivo es beneficiar a ni\u00f1as, ni\u00f1os y adolescentes para que tengan acceso a una escuela segura y amigable en el retorno de sus clases presenciales en 2023\u00bb, subraya la informaci\u00f3n oficial.<\/p>\n<p>A\u00f1ade que con el esfuerzo de estas instituciones se benefician a 18,890 estudiantes en unas trece comunidades de los departamentos de Atl\u00e1ntida, Yoro y Cort\u00e9s.<\/p>\n<p>Con el apoyo brindado por la Aecid y once Comunidades Aut\u00f3nomas (Asturias, Baleares, Canarias, Cantabria, Castilla y Le\u00f3n; Extremadura, Galicia, Madrid, Murcia, Rioja y Valencia), se logr\u00f3 la rehabilitaci\u00f3n en un primer momento con la limpieza y desinfecci\u00f3n, dotaci\u00f3n y reparaci\u00f3n de mobiliario escolar.<\/p>\n<p>Adem\u00e1s, se trabaj\u00f3 en el mejoramiento de condiciones de agua, saneamiento e higiene con un componente educativo resiliente al clima en coordinaci\u00f3n con la Secretar\u00eda de Educaci\u00f3n y la comunidad educativa en cada municipio y centro educativo.<\/p>\n<p>La asistencia ha incluido el mejoramiento pedag\u00f3gico con entrenamiento a docentes para el tema de agua, formaci\u00f3n de comit\u00e9s integrados con docentes, padres de familia y estudiantes para participar en el plan de mantenimiento del tema de agua, saneamiento e higiene.<\/p>\n<p>Tambi\u00e9n les han ense\u00f1ado actividades l\u00fadicas, a las ni\u00f1as; la confecci\u00f3n de toallas sanitarias ecol\u00f3gicas, elaboraci\u00f3n de jab\u00f3n artesanal con figuras llamativas y Tippy Taps, m\u00e9todos para el tratamiento casero, cosecha, almacenamiento seguro y tratamiento de agua lluvia.<\/p>\n<p>El coste de la inversi\u00f3n es de 1.5 millones de euros (1.5 millones de d\u00f3lares).<\/p>\n<p>Al respecto, la jefa de la Oficina de Acci\u00f3n Humanitaria de la Aecid, Cristina Guti\u00e9rrez, dijo a EFE en Tegucigalpa que la visita que han hecho a Honduras \u00abha sido de seguimiento de un proyecto de los que cofinanciamos, en el marco de un convenio que tenemos entre el ente espa\u00f1ol y la cooperaci\u00f3n descentralizada en materia de acci\u00f3n humanitaria.<\/p>\n<p>A\u00f1adi\u00f3 que cada a\u00f1o cofinancian juntos y todos aportan fondos, adem\u00e1s de compartir retos, desaf\u00edos y soluciones a los problemas.<\/p>\n<h2><strong>Ayuda se extiende a los inmigrantes<\/strong><\/h2>\n<p>\u00abTambi\u00e9n compartimos esos fondos, decidimos adonde van y en este caso, un proyecto despu\u00e9s del paso de los huracanes Eta e Iota que vinieron a parar aqu\u00ed a Honduras, para educaci\u00f3n en emergencias con UNICEF y mediante el cual se rehabilitaron de manera muy r\u00e1pida, nada m\u00e1s pasar el desastre, 40 escuelas\u00bb, subray\u00f3.<\/p>\n<p>Guti\u00e9rrez se\u00f1al\u00f3 que los cooperantes que han venido desde Espa\u00f1a pudieron conocer, adem\u00e1s, el contexto humanitario de Honduras, un pa\u00eds que es objeto de atenci\u00f3n en general de comunidades aut\u00f3nomas y de la Aecid.<\/p>\n<p>Adem\u00e1s, conocieron proyectos de varias ONGs espa\u00f1olas en materia de atenci\u00f3n a inmigrantes hondure\u00f1os retornados e hicieron una donaci\u00f3n de bienes de primera necesidad a la Comisi\u00f3n Permanente de Contingencias (Copeco).<\/p>\n<p>La agenda en Honduras, que oficialmente termin\u00f3 hoy, incluy\u00f3 una visita al municipio de Danl\u00ed, departamento oriental de El Para\u00edso, lim\u00edtrofe con Nicaragua, para conocer la situaci\u00f3n de los inmigrantes en tr\u00e1nsito que pasan por esa frontera y cruzan el territorio hondure\u00f1o en ruta hacia Estados Unidos, \u00abcuyos n\u00fameros se han incrementado enormemente desde el a\u00f1o pasado hasta este\u00bb, expres\u00f3 Guti\u00e9rrez.<\/p>\n<p><strong>Fuente: Paradigma<\/strong><\/p>\n","protected":false},"excerpt":{"rendered":"<p>Tegucigalpa Honduras mi\u00e9rcoles 15 febrero \u00a02023 La Agencia Espa\u00f1ola de Cooperaci\u00f3n Internacional para el Desarrollo (Aecid) y el Fondo de las Naciones Unidas para la Infancia (Unicef), entregaron esta semana 51 centros educativos rehabilitados en tres departamentos del norte de Honduras afectados hace dos a\u00f1os por las tormentas tropicales Eta e Iota. As\u00ed lo inform\u00f3 &hellip;<\/p>\n","protected":false},"author":0,"featured_media":50139,"comment_status":"open","ping_status":"open","sticky":false,"template":"","format":"standard","meta":{"_jetpack_memberships_contains_paid_content":false,"footnotes":""},"categories":[5],"tags":[],"class_list":["post-50138","post","type-post","status-publish","format-standard","has-post-thumbnail","","category-noticias"],"jetpack_sharing_enabled":true,"jetpack_featured_media_url":"http:\/\/mickyandoniehn.com\/radio\/wp-content\/uploads\/2023\/02\/Espana-Unicef-696x387-1-yUWGHA.jpeg","_links":{"self":[{"href":"http:\/\/mickyandoniehn.com\/radio\/wp-json\/wp\/v2\/posts\/50138","targetHints":{"allow":["GET"]}}],"collection":[{"href":"http:\/\/mickyandoniehn.com\/radio\/wp-json\/wp\/v2\/posts"}],"about":[{"href":"http:\/\/mickyandoniehn.com\/radio\/wp-json\/wp\/v2\/types\/post"}],"replies":[{"embeddable":true,"href":"http:\/\/mickyandoniehn.com\/radio\/wp-json\/wp\/v2\/comments?post=50138"}],"version-history":[{"count":0,"href":"http:\/\/mickyandoniehn.com\/radio\/wp-json\/wp\/v2\/posts\/50138\/revisions"}],"wp:featuredmedia":[{"embeddable":true,"href":"http:\/\/mickyandoniehn.com\/radio\/wp-json\/wp\/v2\/media\/50139"}],"wp:attachment":[{"href":"http:\/\/mickyandoniehn.com\/radio\/wp-json\/wp\/v2\/media?parent=50138"}],"wp:term":[{"taxonomy":"category","embeddable":true,"href":"http:\/\/mickyandoniehn.com\/radio\/wp-json\/wp\/v2\/categories?post=50138"},{"taxonomy":"post_tag","embeddable":true,"href":"http:\/\/mickyandoniehn.com\/radio\/wp-json\/wp\/v2\/tags?post=50138"}],"curies":[{"name":"wp","href":"https:\/\/api.w.org\/{rel}","templated":true}]}}