{"id":50136,"date":"2023-02-15T08:12:48","date_gmt":"2023-02-15T14:12:48","guid":{"rendered":"http:\/\/mickyandoniehn.com\/radio\/2023\/02\/15\/los-altos-niveles-de-pobreza-siempre-seran-persistente-segun-el-ine\/"},"modified":"2023-02-15T08:12:48","modified_gmt":"2023-02-15T14:12:48","slug":"los-altos-niveles-de-pobreza-siempre-seran-persistente-segun-el-ine","status":"publish","type":"post","link":"http:\/\/mickyandoniehn.com\/radio\/2023\/02\/15\/los-altos-niveles-de-pobreza-siempre-seran-persistente-segun-el-ine\/","title":{"rendered":"Los altos niveles de pobreza siempre ser\u00e1n persistente, seg\u00fan el INE"},"content":{"rendered":"<p><strong>Tegucigalpa Honduras mi\u00e9rcoles 15 febrero \u00a02023<\/strong><\/p>\n<\/p>\n<p>La pobreza es persistente y siempre se mantendr\u00e1 en niveles altos, reconoci\u00f3 este viernes el director del Instituto Nacional de Estad\u00edstica (INE), Eugenio Sosa.<\/p>\n<p>\u201cCuando los gobiernos debaten a veces si subi\u00f3 o baj\u00f3, solo es dos puntos para arriba o para abajo, y estad\u00edsticamente, es irrelevante\u201d, declar\u00f3 Sosa.<\/p>\n<p>Record\u00f3 que los niveles de pobreza alcanzaron su mayor pico en 2021 por la ineficiencia de la pol\u00edtica, la p\u00e9rdida de empleos por la pandemia y los efectos por el paso de los huracanes.<\/p>\n<p>El funcionario dijo que hist\u00f3ricamente los niveles de la pobreza se mantienen por arriba del 60 %.<\/p>\n<p>Sostuvo que la pobreza no podr\u00e1 reducir solo con presupuesto social, sino que se debe combatir con la situaci\u00f3n de la econom\u00eda y del mercado.<\/p>\n<p>\u201cSi no hay capacidades para generar mejores y m\u00e1s empleos desde el sector privado, va a ver como los colectivos de Libre que no hay suficiente espacio\u201d, analiz\u00f3.<\/p>\n<p>Un pa\u00eds no combate a la pobreza despidiendo 10 y contratando 10 empleados, recalc\u00f3.<\/p>\n<p>Sosa mencion\u00f3 que un pa\u00eds combate la pobreza generando empleo masivo y que ese es un trabajo que requerir\u00e1 de una labor m\u00e1s fuerte y ardua desde este gobierno.<\/p>\n<p><strong>Fuente: ENTER 504<\/strong><\/p>\n","protected":false},"excerpt":{"rendered":"<p>Tegucigalpa Honduras mi\u00e9rcoles 15 febrero \u00a02023 La pobreza es persistente y siempre se mantendr\u00e1 en niveles altos, reconoci\u00f3 este viernes el director del Instituto Nacional de Estad\u00edstica (INE), Eugenio Sosa. \u201cCuando los gobiernos debaten a veces si subi\u00f3 o baj\u00f3, solo es dos puntos para arriba o para abajo, y estad\u00edsticamente, es irrelevante\u201d, declar\u00f3 Sosa. &hellip;<\/p>\n","protected":false},"author":0,"featured_media":50137,"comment_status":"open","ping_status":"open","sticky":false,"template":"","format":"standard","meta":{"_jetpack_memberships_contains_paid_content":false,"footnotes":""},"categories":[5],"tags":[],"class_list":["post-50136","post","type-post","status-publish","format-standard","has-post-thumbnail","","category-noticias"],"jetpack_sharing_enabled":true,"jetpack_featured_media_url":"http:\/\/mickyandoniehn.com\/radio\/wp-content\/uploads\/2023\/02\/Honduras-pobreza-696x451-1-J8g2qq.jpeg","_links":{"self":[{"href":"http:\/\/mickyandoniehn.com\/radio\/wp-json\/wp\/v2\/posts\/50136","targetHints":{"allow":["GET"]}}],"collection":[{"href":"http:\/\/mickyandoniehn.com\/radio\/wp-json\/wp\/v2\/posts"}],"about":[{"href":"http:\/\/mickyandoniehn.com\/radio\/wp-json\/wp\/v2\/types\/post"}],"replies":[{"embeddable":true,"href":"http:\/\/mickyandoniehn.com\/radio\/wp-json\/wp\/v2\/comments?post=50136"}],"version-history":[{"count":0,"href":"http:\/\/mickyandoniehn.com\/radio\/wp-json\/wp\/v2\/posts\/50136\/revisions"}],"wp:featuredmedia":[{"embeddable":true,"href":"http:\/\/mickyandoniehn.com\/radio\/wp-json\/wp\/v2\/media\/50137"}],"wp:attachment":[{"href":"http:\/\/mickyandoniehn.com\/radio\/wp-json\/wp\/v2\/media?parent=50136"}],"wp:term":[{"taxonomy":"category","embeddable":true,"href":"http:\/\/mickyandoniehn.com\/radio\/wp-json\/wp\/v2\/categories?post=50136"},{"taxonomy":"post_tag","embeddable":true,"href":"http:\/\/mickyandoniehn.com\/radio\/wp-json\/wp\/v2\/tags?post=50136"}],"curies":[{"name":"wp","href":"https:\/\/api.w.org\/{rel}","templated":true}]}}