{"id":50132,"date":"2023-02-15T08:12:43","date_gmt":"2023-02-15T14:12:43","guid":{"rendered":"http:\/\/mickyandoniehn.com\/radio\/2023\/02\/15\/elon-musk-espera-dejar-de-ser-el-jefe-de-twitter-antes-de-que-termine-2023\/"},"modified":"2023-02-15T08:12:43","modified_gmt":"2023-02-15T14:12:43","slug":"elon-musk-espera-dejar-de-ser-el-jefe-de-twitter-antes-de-que-termine-2023","status":"publish","type":"post","link":"http:\/\/mickyandoniehn.com\/radio\/2023\/02\/15\/elon-musk-espera-dejar-de-ser-el-jefe-de-twitter-antes-de-que-termine-2023\/","title":{"rendered":"Elon Musk espera dejar de ser el jefe de Twitter antes de que termine 2023"},"content":{"rendered":"<\/p>\n<p class=\"voc-p\"><strong>Elon Musk<\/strong>\u00a0no piensa continuar ejerciendo la direcci\u00f3n de\u00a0<strong>Twitter<\/strong>\u00a0de forma indefinida. Este mi\u00e9rcoles afirm\u00f3 durante su intervenci\u00f3n en la Cumbre Mundial de Gobiernos, que se celebra en Dub\u00e1i, que\u00a0<strong>finales de 2023<\/strong>\u00a0puede ser el momento ideal para abandonar su cargo en la aplicaci\u00f3n.<\/p>\n<p class=\"voc-p\">\u00abCreo que necesito estabilizar la organizaci\u00f3n y asegurarme de que est\u00e9 en un lugar financieramente saludable y que la hoja de ruta del producto est\u00e9 claramente establecida\u00bb, afirm\u00f3 el propietario de Twitter, \u2018app\u2019 por la que pag\u00f3 el pasado oto\u00f1o 44.000 millones de d\u00f3lares.<\/p>\n<p class=\"voc-p\">\u00abNo s\u00e9, supongo que probablemente a finales de este a\u00f1o ser\u00eda un buen momento para encontrar a alguien m\u00e1s para dirigir la empresa, porque creo que deber\u00eda estar en una posici\u00f3n estable, ya sabes, a finales de este a\u00f1o\u00bb, remarc\u00f3 el magnate.<\/p>\n<p class=\"voc-p\">Cabe recordar que, el pasado diciembre, el propio Musk lanz\u00f3 una encuesta en Twitter en la que consultaba a los usuarios si deber\u00eda renunciar a su cargo como CEO de la red social. La mayor\u00eda de participantes, m\u00e1s del 57% del total, decidieron mostrarle al mandatario la puerta de salida.<\/p>\n<p class=\"voc-p\">Despu\u00e9s de m\u00e1s de 24 horas de silencio, Musk\u00a0<a title=\"acab\u00f3 confirmando\" href=\"https:\/\/www.abc.es\/tecnologia\/redes\/elon-musk-dejara-jefe-twitter-encuentre-alguien-20221221064743-nt.html\" target=\"_self\" rel=\"noopener\">acab\u00f3 confirmando<\/a>\u00a0que renunciar\u00e1 al cargo \u00abtan pronto como encuentre a alguien lo suficientemente tonto como para aceptar el trabajo\u00bb. Desde entonces, hab\u00eda guardado silencio sobre sus planes para abandonar la jefatura.<\/p>\n<p class=\"voc-p\">Cabe recordar que, desde la llegada de Musk a la propiedad de Twitter, la red social ha perdido entre despidos y renuncias a cerca de la mitad de los trabajadores con los que contaba previamente. Adem\u00e1s, los planes del magnate para levantar la mano en materia de moderaci\u00f3n de contenido han provocado que muchos de los principales anunciantes hayan reducido la publicidad que muestran en la plataforma o, directamente, la hayan abandonado.<\/p>\n<p><strong>Fuente: abc.es<\/strong><\/p>\n","protected":false},"excerpt":{"rendered":"<p>Elon Musk\u00a0no piensa continuar ejerciendo la direcci\u00f3n de\u00a0Twitter\u00a0de forma indefinida. Este mi\u00e9rcoles afirm\u00f3 durante su intervenci\u00f3n en la Cumbre Mundial de Gobiernos, que se celebra en Dub\u00e1i, que\u00a0finales de 2023\u00a0puede ser el momento ideal para abandonar su cargo en la aplicaci\u00f3n. \u00abCreo que necesito estabilizar la organizaci\u00f3n y asegurarme de que est\u00e9 en un lugar &hellip;<\/p>\n","protected":false},"author":0,"featured_media":50133,"comment_status":"open","ping_status":"open","sticky":false,"template":"","format":"standard","meta":{"_jetpack_memberships_contains_paid_content":false,"footnotes":""},"categories":[5],"tags":[],"class_list":["post-50132","post","type-post","status-publish","format-standard","has-post-thumbnail","","category-noticias"],"jetpack_sharing_enabled":true,"jetpack_featured_media_url":"http:\/\/mickyandoniehn.com\/radio\/wp-content\/uploads\/2023\/02\/musk-reuters-2-RrXakuIgLODKInPhTxMklBO-758x531@abc-H5oaxK.jpeg","_links":{"self":[{"href":"http:\/\/mickyandoniehn.com\/radio\/wp-json\/wp\/v2\/posts\/50132","targetHints":{"allow":["GET"]}}],"collection":[{"href":"http:\/\/mickyandoniehn.com\/radio\/wp-json\/wp\/v2\/posts"}],"about":[{"href":"http:\/\/mickyandoniehn.com\/radio\/wp-json\/wp\/v2\/types\/post"}],"replies":[{"embeddable":true,"href":"http:\/\/mickyandoniehn.com\/radio\/wp-json\/wp\/v2\/comments?post=50132"}],"version-history":[{"count":0,"href":"http:\/\/mickyandoniehn.com\/radio\/wp-json\/wp\/v2\/posts\/50132\/revisions"}],"wp:featuredmedia":[{"embeddable":true,"href":"http:\/\/mickyandoniehn.com\/radio\/wp-json\/wp\/v2\/media\/50133"}],"wp:attachment":[{"href":"http:\/\/mickyandoniehn.com\/radio\/wp-json\/wp\/v2\/media?parent=50132"}],"wp:term":[{"taxonomy":"category","embeddable":true,"href":"http:\/\/mickyandoniehn.com\/radio\/wp-json\/wp\/v2\/categories?post=50132"},{"taxonomy":"post_tag","embeddable":true,"href":"http:\/\/mickyandoniehn.com\/radio\/wp-json\/wp\/v2\/tags?post=50132"}],"curies":[{"name":"wp","href":"https:\/\/api.w.org\/{rel}","templated":true}]}}