{"id":49851,"date":"2023-02-12T07:12:55","date_gmt":"2023-02-12T13:12:55","guid":{"rendered":"http:\/\/mickyandoniehn.com\/radio\/2023\/02\/12\/12-de-febrero-dia-internacional-de-la-amazonia\/"},"modified":"2023-02-12T07:12:55","modified_gmt":"2023-02-12T13:12:55","slug":"12-de-febrero-dia-internacional-de-la-amazonia","status":"publish","type":"post","link":"http:\/\/mickyandoniehn.com\/radio\/2023\/02\/12\/12-de-febrero-dia-internacional-de-la-amazonia\/","title":{"rendered":"12 de febrero D\u00eda Internacional de la amaz\u00f3nia"},"content":{"rendered":"<\/p>\n<p>El d\u00eda 12 de febrero se recuerda la llegada de Francisco de Orellana al R\u00edo Amazonas, en su viaje hacia El Dorado y el llamado Pa\u00eds de la Canela. Para su conmemoraci\u00f3n se estableci\u00f3 el D\u00eda de la Amazonia en algunos pa\u00edses, como Per\u00fa.<\/p>\n<p>La cuenca h\u00eddrica del r\u00edo Amazonas, conocida como Amazonia, alberga la quinta parte del agua dulce existente. El Amazonas, considerado como el r\u00edo m\u00e1s caudaloso del mundo, aloja en sus inmediaciones el bosque tropical m\u00e1s grande e importante del planeta, con un gran n\u00famero de h\u00e1bitats y una rica biodiversidad acu\u00e1tica y terrestre end\u00e9mica y en peligro de extinci\u00f3n.<\/p>\n<p><strong>Importancia de la Amazonia<\/strong><\/p>\n<p>La importancia de la Amazonia tambi\u00e9n radica en producir cerca del 70% del ox\u00edgeno que se respira y en albergar poblaciones y culturas ind\u00edgenas de gran valor cultural. La deforestaci\u00f3n para la obtenci\u00f3n de tierras de cultivo y la ganader\u00eda extensiva, junto con el comercio de especies ex\u00f3ticas y la miner\u00eda son los principales problemas que est\u00e1n poniendo en peligro esta regi\u00f3n, cuyas consecuencias principales son la p\u00e9rdida de biodiversidad, la degradaci\u00f3n de los h\u00e1bitats, la alteraci\u00f3n del ciclo del agua, la modificaci\u00f3n del clima terrestre y los impactos sociales.<\/p>\n<p><strong>Algunos Datos Importantes :<\/strong><\/p>\n<p>Esta selva amaz\u00f3nica es el bosque tropical m\u00e1s extenso del mundo.<br \/>\nSe considera que su extensi\u00f3n llega a los 7 000 000 km2 (siete millones de kil\u00f3metros cuadrados) repartidos entre nueve pa\u00edses, de los cuales Brasil y Per\u00fa poseen la mayor extensi\u00f3n, seguidos por Colombia, Bolivia, Venezuela, Ecuador, Guyana, Surinam y Guayana Francesa (colectividad territorial francesa).<br \/>\nLa Amazonia se destaca por ser una de las ecorregiones con mayor biodiversidad en el planeta.<br \/>\nAdem\u00e1s, la Amazonia contribuye a la regulaci\u00f3n del ciclo de carbono y del cambio clim\u00e1tico. Las anomal\u00edas que suceden en cuanto a aumento en la tasa de CO2 est\u00e1n en sincron\u00eda con periodos secos en grandes partes del Amazonas, por lo tanto, el Amazonas act\u00faa como un medidor atmosf\u00e9rico global de CO2.<\/p>\n<p>El 11 de noviembre de 2011, la selva amaz\u00f3nica fue declarada una de las siete maravillas naturales del mundo.<\/p><\/p>\n","protected":false},"excerpt":{"rendered":"<p>El d\u00eda 12 de febrero se recuerda la llegada de Francisco de Orellana al R\u00edo Amazonas, en su viaje hacia El Dorado y el llamado Pa\u00eds de la Canela. Para su conmemoraci\u00f3n se estableci\u00f3 el D\u00eda de la Amazonia en algunos pa\u00edses, como Per\u00fa. La cuenca h\u00eddrica del r\u00edo Amazonas, conocida como Amazonia, alberga la &hellip;<\/p>\n","protected":false},"author":0,"featured_media":49852,"comment_status":"open","ping_status":"open","sticky":false,"template":"","format":"standard","meta":{"_jetpack_memberships_contains_paid_content":false,"footnotes":""},"categories":[5],"tags":[],"class_list":["post-49851","post","type-post","status-publish","format-standard","has-post-thumbnail","","category-noticias"],"jetpack_sharing_enabled":true,"jetpack_featured_media_url":"http:\/\/mickyandoniehn.com\/radio\/wp-content\/uploads\/2023\/02\/Amazonia-pZ8NQ9.jpeg","_links":{"self":[{"href":"http:\/\/mickyandoniehn.com\/radio\/wp-json\/wp\/v2\/posts\/49851","targetHints":{"allow":["GET"]}}],"collection":[{"href":"http:\/\/mickyandoniehn.com\/radio\/wp-json\/wp\/v2\/posts"}],"about":[{"href":"http:\/\/mickyandoniehn.com\/radio\/wp-json\/wp\/v2\/types\/post"}],"replies":[{"embeddable":true,"href":"http:\/\/mickyandoniehn.com\/radio\/wp-json\/wp\/v2\/comments?post=49851"}],"version-history":[{"count":0,"href":"http:\/\/mickyandoniehn.com\/radio\/wp-json\/wp\/v2\/posts\/49851\/revisions"}],"wp:featuredmedia":[{"embeddable":true,"href":"http:\/\/mickyandoniehn.com\/radio\/wp-json\/wp\/v2\/media\/49852"}],"wp:attachment":[{"href":"http:\/\/mickyandoniehn.com\/radio\/wp-json\/wp\/v2\/media?parent=49851"}],"wp:term":[{"taxonomy":"category","embeddable":true,"href":"http:\/\/mickyandoniehn.com\/radio\/wp-json\/wp\/v2\/categories?post=49851"},{"taxonomy":"post_tag","embeddable":true,"href":"http:\/\/mickyandoniehn.com\/radio\/wp-json\/wp\/v2\/tags?post=49851"}],"curies":[{"name":"wp","href":"https:\/\/api.w.org\/{rel}","templated":true}]}}