{"id":49783,"date":"2023-02-11T07:12:46","date_gmt":"2023-02-11T13:12:46","guid":{"rendered":"https:\/\/mickyandoniehn.com\/radio\/2023\/02\/11\/el-catarino-rivas-iniciaria-este-ano-la-construccion-del-hospital-de-traumatologia\/"},"modified":"2023-02-11T07:12:46","modified_gmt":"2023-02-11T13:12:46","slug":"el-catarino-rivas-iniciaria-este-ano-la-construccion-del-hospital-de-traumatologia","status":"publish","type":"post","link":"http:\/\/mickyandoniehn.com\/radio\/2023\/02\/11\/el-catarino-rivas-iniciaria-este-ano-la-construccion-del-hospital-de-traumatologia\/","title":{"rendered":"El Catarino Rivas iniciar\u00eda este a\u00f1o la construcci\u00f3n del hospital de Traumatolog\u00eda"},"content":{"rendered":"<p><strong>Tegucigalpa,Honduras s\u00e1bado 11 febrero \u00a02023<\/strong><\/p>\n<\/p>\n<p>Autoridades del <a href=\"https:\/\/www.facebook.com\/CatarinoRivashn\/\">Mario Catarino Rivas<\/a> esperan iniciar la construcci\u00f3n de un hospital de Traumatolog\u00eda, el cual contar\u00eda con alrededor de 150 camas y estar\u00e1 ubicado en el mismo predio de este centro hospitalario.<\/p>\n<p>El director del Rivas, Arturo \u00c1vila, indic\u00f3 que ya se inici\u00f3 con los primeros pasos del proceso de construcci\u00f3n.<\/p>\n<p>Los cuales son estudios de suelo, medioambientales y de factibilidad.<\/p>\n<p>De igual manera, agreg\u00f3 que se formar\u00e1 un comit\u00e9 dentro del hospital que se encargar\u00e1 de hacer proyecciones de c\u00f3mo podr\u00e1n darle sostenibilidad al hospital.<\/p>\n<p>Asimismo, este comit\u00e9 ver\u00e1 que parte del personal de Talento Humano del Rivas podr\u00edan estar y darle funcionamiento al hospital de Traumatolog\u00eda.<\/p>\n<p>\u00a0<\/p>\n<p>\u201cEn cuanto al presupuesto y a otras especificaciones que eso requieren no se las podr\u00eda dar por el momento, pero este tendr\u00e1 una capacidad de 150 camas\u00bb.<\/p>\n<p>Tambi\u00e9n, \u00abhabr\u00e1 una Unidad de Cuidados Intermedios y de Cuidados Intensivos\u00bb.<\/p>\n<p>Asimismo, \u00ab\u00e1rea de recuperaci\u00f3n, hospitalizaci\u00f3n y diferentes \u00e1reas de atenci\u00f3n de emergencia de todas las especialidades quir\u00fargicas b\u00e1sicas\u201d, dijo \u00c1vila.<\/p>\n<p>Recalc\u00f3 que en este lugar se atender\u00e1n a los pacientes que han sufrido alg\u00fan accidente, ya que el Rivas atienden un n\u00famero alt\u00edsimo.<\/p>\n<p>Y este nuevo hospital vendr\u00eda a ayudar a aliviar la carga hospitalaria que tiene el Rivas.<\/p>\n<p>\u201cAhorita hemos ido cumpliendo lo planteado por la presidenta de ir recuperando los espacios perdidos y de ir construyendo infraestructura, instituciones que hemos estado en deuda hist\u00f3rica con nuestra poblaci\u00f3n y se estamos dando los primeros paso\u201d, dijo \u00c1vila.<\/p>\n<h2><strong>SALA DE UNIDADES INTERMEDIOS<\/strong><\/h2>\n<p>Por otro lado, el galeno detall\u00f3 que el viernes inauguraron una Unidad de Cuidados Intermedios, de adultos y de ni\u00f1os que tiene la capacidad para 8 pacientes que requieren una intervenci\u00f3n y asistencia mayor en pacientes con estados de salud cr\u00edticos.<\/p>\n<p>\u201cEsta \u00e1rea no estaba activada y hoy estamos haciendo realidad, estaba sin funcionamiento, esta es una parte que hace como complementariedad a Unidad de Cuidados Intensivos\u201d, subray\u00f3. Al tiempo que indic\u00f3 que esta obra se hizo con recursos del hospital, y con equipos tambi\u00e9n, que ya estaban dentro del mismo.<\/p>\n<p><strong>Fuente: La Tribuna<\/strong><\/p>\n","protected":false},"excerpt":{"rendered":"<p>Tegucigalpa,Honduras s\u00e1bado 11 febrero \u00a02023 Autoridades del Mario Catarino Rivas esperan iniciar la construcci\u00f3n de un hospital de Traumatolog\u00eda, el cual contar\u00eda con alrededor de 150 camas y estar\u00e1 ubicado en el mismo predio de este centro hospitalario. El director del Rivas, Arturo \u00c1vila, indic\u00f3 que ya se inici\u00f3 con los primeros pasos del proceso &hellip;<\/p>\n","protected":false},"author":0,"featured_media":49784,"comment_status":"open","ping_status":"open","sticky":false,"template":"","format":"standard","meta":{"_jetpack_memberships_contains_paid_content":false,"footnotes":""},"categories":[5],"tags":[],"class_list":["post-49783","post","type-post","status-publish","format-standard","has-post-thumbnail","","category-noticias"],"jetpack_sharing_enabled":true,"jetpack_featured_media_url":"http:\/\/mickyandoniehn.com\/radio\/wp-content\/uploads\/2023\/02\/CATARINO-RIVAS-696x464-1-sNdmbA.jpeg","_links":{"self":[{"href":"http:\/\/mickyandoniehn.com\/radio\/wp-json\/wp\/v2\/posts\/49783","targetHints":{"allow":["GET"]}}],"collection":[{"href":"http:\/\/mickyandoniehn.com\/radio\/wp-json\/wp\/v2\/posts"}],"about":[{"href":"http:\/\/mickyandoniehn.com\/radio\/wp-json\/wp\/v2\/types\/post"}],"replies":[{"embeddable":true,"href":"http:\/\/mickyandoniehn.com\/radio\/wp-json\/wp\/v2\/comments?post=49783"}],"version-history":[{"count":0,"href":"http:\/\/mickyandoniehn.com\/radio\/wp-json\/wp\/v2\/posts\/49783\/revisions"}],"wp:featuredmedia":[{"embeddable":true,"href":"http:\/\/mickyandoniehn.com\/radio\/wp-json\/wp\/v2\/media\/49784"}],"wp:attachment":[{"href":"http:\/\/mickyandoniehn.com\/radio\/wp-json\/wp\/v2\/media?parent=49783"}],"wp:term":[{"taxonomy":"category","embeddable":true,"href":"http:\/\/mickyandoniehn.com\/radio\/wp-json\/wp\/v2\/categories?post=49783"},{"taxonomy":"post_tag","embeddable":true,"href":"http:\/\/mickyandoniehn.com\/radio\/wp-json\/wp\/v2\/tags?post=49783"}],"curies":[{"name":"wp","href":"https:\/\/api.w.org\/{rel}","templated":true}]}}