{"id":49713,"date":"2023-02-10T07:13:23","date_gmt":"2023-02-10T13:13:23","guid":{"rendered":"http:\/\/mickyandoniehn.com\/radio\/2023\/02\/10\/el-incremento-al-pollo-es-a-nivel-de-los-intermediarios\/"},"modified":"2023-02-10T07:13:23","modified_gmt":"2023-02-10T13:13:23","slug":"el-incremento-al-pollo-es-a-nivel-de-los-intermediarios","status":"publish","type":"post","link":"http:\/\/mickyandoniehn.com\/radio\/2023\/02\/10\/el-incremento-al-pollo-es-a-nivel-de-los-intermediarios\/","title":{"rendered":"El incremento al pollo es a nivel de los intermediarios"},"content":{"rendered":"<p><strong>Tegucigalpa,Honduras viernes 10 febrero \u00a02023<\/strong><\/p>\n<\/p>\n<p>En diciembre del a\u00f1o pasado, los avicultores dieron un descuento de dos lempiras a la libra de pollo por alto consumo, pero los mayoristas e intermediarios de esta cadena de comercializaci\u00f3n no trasladaron este alivio a los consumidores finales.<\/p>\n<p>Ahora al desaparecer ese descuento desde este mes y ajustarse los costos en las granjas av\u00edcolas a condiciones normales de demanda, los intermediarios y mayoristas se lo quieren endilgar a las familias que consumen a diario este alimento b\u00e1sico, asegur\u00f3 ayer la Secretar\u00eda de Desarrollo Econ\u00f3mico (SDE).<\/p>\n<p>As\u00ed fue explicado tal extremo ayer, por la viceministra de Comercio Interior de esta cartera ministerial, Cinthia Arteaga, en declaraciones a medios de comunicaci\u00f3n en la parte baja del Centro C\u00edvico Gubernamental.<\/p>\n<p>Luego de reunirse con los grandes avicultores \u201cellos nos han aclarado que esta fluctuaci\u00f3n que se evidencia, no es una fluctuaci\u00f3n de los productores como tal\u201d, expres\u00f3, ya que se mantienen los precios.<\/p>\n<div class=\"fs-dynamic\">\n<div>\n<div><\/div>\n<\/div>\n<\/div>\n<p>Pero en base a un mecanismo de descuento que se maneja en la cadena del pollo, \u201cen diciembre por la alta demanda y todos los elementos vinculados a la estacionalidad del consumo del pollo en esa \u00e9poca, hubo un descuento de dos lempiras\u201d, dijo la funcionaria.<\/p>\n<p>Esta es una pr\u00e1ctica com\u00fan cada fin de a\u00f1o, pero en enero esto se revierte a tal grado que se considera como \u201calgo normal del mercado y del mecanismo de compra y venta\u201d, contrast\u00f3.<\/p>\n<p>Pero el descuento en menci\u00f3n \u201cno fue trasladado a los consumidores, sino que se qued\u00f3 en esa intermediaci\u00f3n y ahora mismo, que termin\u00f3 y se retorna al precio de mayorista, ese descuento de dos lempiras, se lo quieren trasladar a los consumidores\u201d, detall\u00f3 la fuente estatal.<\/p>\n<p>Este es un ejemplo perverso de c\u00f3mo la intermediaci\u00f3n puede afectar a los consumidores finales, porque se est\u00e1 generando una especie de especulaci\u00f3n y a la par, se experimenta un aumento de 26 por ciento en las ventas al detalle, contrast\u00f3.<\/p>\n<div class=\"fs-dynamic\">\n<div>\n<div><\/div>\n<\/div>\n<\/div>\n<p>\u201cLos productores no han aumentado precios, sino que es un efecto que los mismos distribuidores e intermediarios est\u00e1n desarrollando en los mercados\u201d, b\u00e1sicamente en los mercados capitalinos y sampedranos, reiter\u00f3.<\/p>\n<p><strong>Fuente: La Tribuna<\/strong><\/p>\n","protected":false},"excerpt":{"rendered":"<p>Tegucigalpa,Honduras viernes 10 febrero \u00a02023 En diciembre del a\u00f1o pasado, los avicultores dieron un descuento de dos lempiras a la libra de pollo por alto consumo, pero los mayoristas e intermediarios de esta cadena de comercializaci\u00f3n no trasladaron este alivio a los consumidores finales. Ahora al desaparecer ese descuento desde este mes y ajustarse los &hellip;<\/p>\n","protected":false},"author":0,"featured_media":49714,"comment_status":"open","ping_status":"open","sticky":false,"template":"","format":"standard","meta":{"_jetpack_memberships_contains_paid_content":false,"footnotes":""},"categories":[5],"tags":[],"class_list":["post-49713","post","type-post","status-publish","format-standard","has-post-thumbnail","","category-noticias"],"jetpack_sharing_enabled":true,"jetpack_featured_media_url":"http:\/\/mickyandoniehn.com\/radio\/wp-content\/uploads\/2023\/02\/POLLO-nYhYyb.jpeg","_links":{"self":[{"href":"http:\/\/mickyandoniehn.com\/radio\/wp-json\/wp\/v2\/posts\/49713","targetHints":{"allow":["GET"]}}],"collection":[{"href":"http:\/\/mickyandoniehn.com\/radio\/wp-json\/wp\/v2\/posts"}],"about":[{"href":"http:\/\/mickyandoniehn.com\/radio\/wp-json\/wp\/v2\/types\/post"}],"replies":[{"embeddable":true,"href":"http:\/\/mickyandoniehn.com\/radio\/wp-json\/wp\/v2\/comments?post=49713"}],"version-history":[{"count":0,"href":"http:\/\/mickyandoniehn.com\/radio\/wp-json\/wp\/v2\/posts\/49713\/revisions"}],"wp:featuredmedia":[{"embeddable":true,"href":"http:\/\/mickyandoniehn.com\/radio\/wp-json\/wp\/v2\/media\/49714"}],"wp:attachment":[{"href":"http:\/\/mickyandoniehn.com\/radio\/wp-json\/wp\/v2\/media?parent=49713"}],"wp:term":[{"taxonomy":"category","embeddable":true,"href":"http:\/\/mickyandoniehn.com\/radio\/wp-json\/wp\/v2\/categories?post=49713"},{"taxonomy":"post_tag","embeddable":true,"href":"http:\/\/mickyandoniehn.com\/radio\/wp-json\/wp\/v2\/tags?post=49713"}],"curies":[{"name":"wp","href":"https:\/\/api.w.org\/{rel}","templated":true}]}}