{"id":49707,"date":"2023-02-10T07:13:19","date_gmt":"2023-02-10T13:13:19","guid":{"rendered":"http:\/\/mickyandoniehn.com\/radio\/2023\/02\/10\/revista-espanola-interesada-en-promover-el-turismo-de-honduras\/"},"modified":"2023-02-10T07:13:19","modified_gmt":"2023-02-10T13:13:19","slug":"revista-espanola-interesada-en-promover-el-turismo-de-honduras","status":"publish","type":"post","link":"http:\/\/mickyandoniehn.com\/radio\/2023\/02\/10\/revista-espanola-interesada-en-promover-el-turismo-de-honduras\/","title":{"rendered":"Revista espa\u00f1ola interesada en promover el turismo de Honduras"},"content":{"rendered":"<p><strong>Tegucigalpa,Honduras viernes 10 febrero \u00a02023<\/strong><\/p>\n<\/p>\n<p>La ministra de Turismo,\u00a0Yadira G\u00f3mez, junto a la viceministra de Turismo,\u00a0Reizel Vilorio, se reunieron con interesados en promover a Honduras en una revista espa\u00f1ola.<\/p>\n<p>El contacto de promoci\u00f3n ocurri\u00f3 en el marco de la celebraci\u00f3n de la Feria Internacional de Turismo (FITUR).<\/p>\n<p>La\u00a0Revista Viajar\u00a0es conocida por ser la primera revista de viajes de Espa\u00f1a, ofreciendo hoteles de lujo, destinos \u00fanicos y experiencias inolvidables, siendo Honduras un destino que cuenta con todo lo que andan buscando.<\/p>\n<p>Durante la reuni\u00f3n, particip\u00f3\u00a0Carolina Briones, de la Agencia de Promoci\u00f3n Regional Centroamericana (CATA), la fot\u00f3grafa\u00a0Cristina Candel\u00a0y la periodista\u00a0Nohelia Ferreiro, quienes le expusieron a la ministra G\u00f3mez su inter\u00e9s por promover aspectos como la gastronom\u00eda, belleza natural y culturas vivas en la revista.<\/p>\n<p><strong>Fuente: La Tribuna<\/strong><\/p>\n","protected":false},"excerpt":{"rendered":"<p>Tegucigalpa,Honduras viernes 10 febrero \u00a02023 La ministra de Turismo,\u00a0Yadira G\u00f3mez, junto a la viceministra de Turismo,\u00a0Reizel Vilorio, se reunieron con interesados en promover a Honduras en una revista espa\u00f1ola. El contacto de promoci\u00f3n ocurri\u00f3 en el marco de la celebraci\u00f3n de la Feria Internacional de Turismo (FITUR). La\u00a0Revista Viajar\u00a0es conocida por ser la primera revista &hellip;<\/p>\n","protected":false},"author":0,"featured_media":49708,"comment_status":"open","ping_status":"open","sticky":false,"template":"","format":"standard","meta":{"_jetpack_memberships_contains_paid_content":false,"footnotes":""},"categories":[5],"tags":[],"class_list":["post-49707","post","type-post","status-publish","format-standard","has-post-thumbnail","","category-noticias"],"jetpack_sharing_enabled":true,"jetpack_featured_media_url":"http:\/\/mickyandoniehn.com\/radio\/wp-content\/uploads\/2023\/02\/Captura-23-itHqUn.jpeg","_links":{"self":[{"href":"http:\/\/mickyandoniehn.com\/radio\/wp-json\/wp\/v2\/posts\/49707","targetHints":{"allow":["GET"]}}],"collection":[{"href":"http:\/\/mickyandoniehn.com\/radio\/wp-json\/wp\/v2\/posts"}],"about":[{"href":"http:\/\/mickyandoniehn.com\/radio\/wp-json\/wp\/v2\/types\/post"}],"replies":[{"embeddable":true,"href":"http:\/\/mickyandoniehn.com\/radio\/wp-json\/wp\/v2\/comments?post=49707"}],"version-history":[{"count":0,"href":"http:\/\/mickyandoniehn.com\/radio\/wp-json\/wp\/v2\/posts\/49707\/revisions"}],"wp:featuredmedia":[{"embeddable":true,"href":"http:\/\/mickyandoniehn.com\/radio\/wp-json\/wp\/v2\/media\/49708"}],"wp:attachment":[{"href":"http:\/\/mickyandoniehn.com\/radio\/wp-json\/wp\/v2\/media?parent=49707"}],"wp:term":[{"taxonomy":"category","embeddable":true,"href":"http:\/\/mickyandoniehn.com\/radio\/wp-json\/wp\/v2\/categories?post=49707"},{"taxonomy":"post_tag","embeddable":true,"href":"http:\/\/mickyandoniehn.com\/radio\/wp-json\/wp\/v2\/tags?post=49707"}],"curies":[{"name":"wp","href":"https:\/\/api.w.org\/{rel}","templated":true}]}}